{"id":2496,"date":"2013-08-22T09:18:41","date_gmt":"2013-08-22T13:18:41","guid":{"rendered":"http:\/\/www.brazilianpress.com\/v1\/?p=2496"},"modified":"2013-08-22T09:48:52","modified_gmt":"2013-08-22T13:48:52","slug":"acusado-dos-atentados-de-11-de-setembro-denuncia-tortura-psicologica-em-guantanamo","status":"publish","type":"post","link":"https:\/\/www.brazilianpress.com\/v1\/2013\/08\/22\/acusado-dos-atentados-de-11-de-setembro-denuncia-tortura-psicologica-em-guantanamo\/","title":{"rendered":"Acusado dos atentados de 11 de setembro denuncia &#8220;tortura psicol\u00f3gica&#8221; em Guant\u00e1namo"},"content":{"rendered":"<p>O iemenita Ramzi ben al-Chaiba, um dos cinco acusados dos atentados do 11 de Setembro nos Estados Unidos, deixou o tribunal em Guant\u00e1namo, na ter\u00e7a-feira, alegando ter sido privado de alimenta\u00e7\u00e3o antes de cada audi\u00eancia &#8211; uma forma de &#8220;tortura psicol\u00f3gica&#8221;, afirmou.<\/p>\n<p><img class=\"alignnone size-full wp-image-2492\" alt=\"guantanamo\" src=\"http:\/\/www.brazilianpress.com\/v1\/wp-content\/uploads\/2013\/08\/guantanamo.jpg\" width=\"500\" srcset=\"https:\/\/www.brazilianpress.com\/v1\/wp-content\/uploads\/2013\/08\/guantanamo.jpg 620w, https:\/\/www.brazilianpress.com\/v1\/wp-content\/uploads\/2013\/08\/guantanamo-300x199.jpg 300w\" sizes=\"(max-width: 620px) 100vw, 620px\" \/><\/p>\n<p>O acusado, \u00fanico presente esta ter\u00e7a na semana de audi\u00eancias preliminares, declarou:<\/p>\n<p>\u2014 N\u00e3o posso continuar l\u00e1 (&#8230;) h\u00e1 muitos problemas com a comida, todos os dias \u00e9 a mesma coisa.<!--more--><\/p>\n<p>Em \u00e1rabe, traduzido por um int\u00e9rprete, o detento explicou que esse &#8220;problema se repete todos os dias&#8221;. Ele disse ter tentado falar com um oficial, mas n\u00e3o foi ouvido, de acordo com a transmiss\u00e3o da audi\u00eancia por circuito fechado na base militar de Fort Meade, perto de Washington.<\/p>\n<p>\u00c9 &#8220;uma forma de tortura psicol\u00f3gica&#8221;, que &#8220;n\u00e3o diz respeito apenas a mim, mas tamb\u00e9m aos meus irm\u00e3os&#8221;, acrescentou o acusado, vestido com uma t\u00fanica branca e o tradicional turbante.<\/p>\n<p>Em paralelo, \u00e0 audi\u00eancia, o porta-voz da pris\u00e3o, Robert Durand, disse &#8220;que foi oferecida ao acusado a comida halal cl\u00e1ssica dos presos&#8221;, mas que ele &#8220;se queixou que seu almo\u00e7o n\u00e3o tinha condimentos, como azeite, ou mel&#8221;.<\/p>\n<p>Seu advogado Jim Harrington informou que seu cliente &#8220;sente que as condi\u00e7\u00f5es s\u00e3o cada vez mais intoler\u00e1veis para ele&#8221;.<\/p>\n<p>\u2014 \u00c0s vezes, pequenas coisas &#8211; nem sempre pequenas &#8211; crescem, crescem, crescem &#8230; E as coisas se tornam ainda mais significativas \u2014 completou.<\/p>\n<p>Ao ser questionado pelo juiz militar James Pohl se queria deixar &#8220;voluntariamente&#8221; a sala do tribunal, o acusado respondeu &#8220;sim&#8221;, em ingl\u00eas, e foi acompanhado para o Campo 7, onde permanece detido, na base militar americana de Guant\u00e1namo, na ilha de Cuba.<\/p>\n<p>\u2014 N\u00e3o tem precedentes na hist\u00f3ria americana a maneira como eles s\u00e3o tratados \u2014 concordou outro advogado de defesa, Kevin Bogucki, na mesma audi\u00eancia.<\/p>\n<p>O advogado militar falou de &#8220;frustra\u00e7\u00e3o&#8221; de seu cliente, cuja cela est\u00e1 submetida a &#8220;barulhos e vibra\u00e7\u00f5es que o impedem de se concentrar, ou dormir&#8221;.<\/p>\n<p>Os debates continuaram na aus\u00eancia dos cinco acusados, dos quais quatro haviam indicado de manh\u00e3 que n\u00e3o queriam participar dessa audi\u00eancia preliminar, destinada a preparar o julgamento.<\/p>\n<p>Os acusados podem ser condenados \u00e0 pena capital pela morte de 2.976 pessoas nos ataques cometidos em 11 de setembro de 2001, nos Estados Unidos.<\/p>\n","protected":false},"excerpt":{"rendered":"<p>O iemenita Ramzi ben al-Chaiba, um dos cinco acusados dos atentados do 11 de Setembro nos Estados Unidos, deixou o tribunal em Guant\u00e1namo, na ter\u00e7a-feira, alegando ter sido privado de alimenta\u00e7\u00e3o antes de cada audi\u00eancia &#8211; uma forma de &#8220;tortura psicol\u00f3gica&#8221;, afirmou. O acusado, \u00fanico presente esta ter\u00e7a na semana de audi\u00eancias preliminares, declarou: \u2014 N\u00e3o posso continuar l\u00e1 (&#8230;) h\u00e1 muitos problemas com a comida, todos os dias \u00e9 a mesma coisa.<\/p>\n","protected":false},"author":1,"featured_media":2492,"comment_status":"open","ping_status":"open","sticky":false,"template":"","format":"standard","meta":{"_links_to":"","_links_to_target":""},"categories":[8,1],"tags":[],"views":2409,"_links":{"self":[{"href":"https:\/\/www.brazilianpress.com\/v1\/wp-json\/wp\/v2\/posts\/2496"}],"collection":[{"href":"https:\/\/www.brazilianpress.com\/v1\/wp-json\/wp\/v2\/posts"}],"about":[{"href":"https:\/\/www.brazilianpress.com\/v1\/wp-json\/wp\/v2\/types\/post"}],"author":[{"embeddable":true,"href":"https:\/\/www.brazilianpress.com\/v1\/wp-json\/wp\/v2\/users\/1"}],"replies":[{"embeddable":true,"href":"https:\/\/www.brazilianpress.com\/v1\/wp-json\/wp\/v2\/comments?post=2496"}],"version-history":[{"count":3,"href":"https:\/\/www.brazilianpress.com\/v1\/wp-json\/wp\/v2\/posts\/2496\/revisions"}],"predecessor-version":[{"id":2499,"href":"https:\/\/www.brazilianpress.com\/v1\/wp-json\/wp\/v2\/posts\/2496\/revisions\/2499"}],"wp:featuredmedia":[{"embeddable":true,"href":"https:\/\/www.brazilianpress.com\/v1\/wp-json\/wp\/v2\/media\/2492"}],"wp:attachment":[{"href":"https:\/\/www.brazilianpress.com\/v1\/wp-json\/wp\/v2\/media?parent=2496"}],"wp:term":[{"taxonomy":"category","embeddable":true,"href":"https:\/\/www.brazilianpress.com\/v1\/wp-json\/wp\/v2\/categories?post=2496"},{"taxonomy":"post_tag","embeddable":true,"href":"https:\/\/www.brazilianpress.com\/v1\/wp-json\/wp\/v2\/tags?post=2496"}],"curies":[{"name":"wp","href":"https:\/\/api.w.org\/{rel}","templated":true}]}}