{"id":24986,"date":"2016-10-06T20:08:55","date_gmt":"2016-10-07T00:08:55","guid":{"rendered":"http:\/\/www.brazilianpress.com\/v1\/?p=24986"},"modified":"2016-10-06T20:08:55","modified_gmt":"2016-10-07T00:08:55","slug":"mulher-relata-a-descoberta-de-vermes-em-absorvente-interno","status":"publish","type":"post","link":"https:\/\/www.brazilianpress.com\/v1\/2016\/10\/06\/mulher-relata-a-descoberta-de-vermes-em-absorvente-interno\/","title":{"rendered":"Mulher relata a descoberta de vermes em absorvente interno"},"content":{"rendered":"<p><img loading=\"lazy\" class=\"alignnone size-full wp-image-24987\" src=\"http:\/\/www.brazilianpress.com\/v1\/wp-content\/uploads\/2016\/10\/absorvente-interno.jpg\" alt=\"absorvente-interno\" width=\"500\" height=\"310\" srcset=\"https:\/\/www.brazilianpress.com\/v1\/wp-content\/uploads\/2016\/10\/absorvente-interno.jpg 500w, https:\/\/www.brazilianpress.com\/v1\/wp-content\/uploads\/2016\/10\/absorvente-interno-300x186.jpg 300w\" sizes=\"(max-width: 500px) 100vw, 500px\" \/><\/p>\n<p>A estudante de arquitetura Samantha Martins publicou, na tarde de segunda-feira (27), uma den\u00fancia em sua p\u00e1gina pessoal no Facebook que surpreendeu muita gente. Na postagem, alega ter encontrado &#8220;v\u00e1rios vermes&#8221; dentro do absorvente interno da marca Intimus, que estava com a embalagem lacrada.<!--more--><\/p>\n<p>&#8220;Percebi uma pequena mancha escura no absorvente. Como n\u00e3o \u00e9 algo comum de acontecer decidi abrir absorvente pra ver o que era&#8221; diz o texto. A estudante tamb\u00e9m informa ser &#8220;consumidora da marca h\u00e1 alguns anos&#8221;, e exige uma explica\u00e7\u00e3o para o caso.<\/p>\n<p>O post, que j\u00e1 tem mais de 1.600 compartilhamentos e cinco mil rea\u00e7\u00f5es, Samantha chegou a receber um coment\u00e1rio da marca Intimus, respons\u00e1vel pela distribui\u00e7\u00e3o do produto fabricado pela Kimberly-Clark Brasil, horas depois. Os representantes da marca deixaram um coment\u00e1rio onde disponibilizou um n\u00famero para contato e se mostrou dispon\u00edvel para &#8220;conversar melhor&#8221;.<\/p>\n<p>Ap\u00f3s o contato, Samantha atualizou, esta manh\u00e3, o post com a resposta e afirma que ouviu da empresa que &#8220;como os produtos s\u00e3o expostos a altas temperaturas durante o processo de embalagem, \u00e9 imposs\u00edvel a perman\u00eancia de bichos vivos dentro&#8221;. Os respons\u00e1veis tamb\u00e9m informam que deve enviar um t\u00e9cnico para recolher o produto e analisar se houve algum problema durante o transporte do mesmo.<\/p>\n<p>Esta n\u00e3o \u00e9 a primeira vez absorventes internos apresentam problemas do g\u00eanero. Em maio deste ano, um caso id\u00eantico foi publicado por Micaela Silva, de Caxias do Sul, que disse ter encontrado larvas no produto da marca Johnson &amp; Johnson e chegou a publicar um v\u00eddeo.<\/p>\n","protected":false},"excerpt":{"rendered":"<p>A estudante de arquitetura Samantha Martins publicou, na tarde de segunda-feira (27), uma den\u00fancia em sua p\u00e1gina pessoal no Facebook que surpreendeu muita gente. Na postagem, alega ter encontrado &#8220;v\u00e1rios vermes&#8221; dentro do absorvente interno da marca Intimus, que estava com a embalagem lacrada.<\/p>\n","protected":false},"author":1,"featured_media":24987,"comment_status":"open","ping_status":"open","sticky":false,"template":"","format":"standard","meta":{"_links_to":"","_links_to_target":""},"categories":[4,1],"tags":[],"views":9977,"_links":{"self":[{"href":"https:\/\/www.brazilianpress.com\/v1\/wp-json\/wp\/v2\/posts\/24986"}],"collection":[{"href":"https:\/\/www.brazilianpress.com\/v1\/wp-json\/wp\/v2\/posts"}],"about":[{"href":"https:\/\/www.brazilianpress.com\/v1\/wp-json\/wp\/v2\/types\/post"}],"author":[{"embeddable":true,"href":"https:\/\/www.brazilianpress.com\/v1\/wp-json\/wp\/v2\/users\/1"}],"replies":[{"embeddable":true,"href":"https:\/\/www.brazilianpress.com\/v1\/wp-json\/wp\/v2\/comments?post=24986"}],"version-history":[{"count":1,"href":"https:\/\/www.brazilianpress.com\/v1\/wp-json\/wp\/v2\/posts\/24986\/revisions"}],"predecessor-version":[{"id":24988,"href":"https:\/\/www.brazilianpress.com\/v1\/wp-json\/wp\/v2\/posts\/24986\/revisions\/24988"}],"wp:featuredmedia":[{"embeddable":true,"href":"https:\/\/www.brazilianpress.com\/v1\/wp-json\/wp\/v2\/media\/24987"}],"wp:attachment":[{"href":"https:\/\/www.brazilianpress.com\/v1\/wp-json\/wp\/v2\/media?parent=24986"}],"wp:term":[{"taxonomy":"category","embeddable":true,"href":"https:\/\/www.brazilianpress.com\/v1\/wp-json\/wp\/v2\/categories?post=24986"},{"taxonomy":"post_tag","embeddable":true,"href":"https:\/\/www.brazilianpress.com\/v1\/wp-json\/wp\/v2\/tags?post=24986"}],"curies":[{"name":"wp","href":"https:\/\/api.w.org\/{rel}","templated":true}]}}