{"id":24992,"date":"2016-10-06T20:11:45","date_gmt":"2016-10-07T00:11:45","guid":{"rendered":"http:\/\/www.brazilianpress.com\/v1\/?p=24992"},"modified":"2016-10-06T20:11:45","modified_gmt":"2016-10-07T00:11:45","slug":"segurancas-da-presidencia-da-republica-sao-presos-por-roubo","status":"publish","type":"post","link":"https:\/\/www.brazilianpress.com\/v1\/2016\/10\/06\/segurancas-da-presidencia-da-republica-sao-presos-por-roubo\/","title":{"rendered":"Seguran\u00e7as da Presid\u00eancia da Rep\u00fablica s\u00e3o presos por roubo"},"content":{"rendered":"<p><img loading=\"lazy\" class=\"alignnone size-full wp-image-24993\" src=\"http:\/\/www.brazilianpress.com\/v1\/wp-content\/uploads\/2016\/10\/segurancas.jpg\" alt=\"segurancas\" width=\"500\" height=\"310\" srcset=\"https:\/\/www.brazilianpress.com\/v1\/wp-content\/uploads\/2016\/10\/segurancas.jpg 500w, https:\/\/www.brazilianpress.com\/v1\/wp-content\/uploads\/2016\/10\/segurancas-300x186.jpg 300w\" sizes=\"(max-width: 500px) 100vw, 500px\" \/><\/p>\n<p>Militares do Ex\u00e9rcito que atuam na seguran\u00e7a da Presid\u00eancia da Rep\u00fablica, em Bras\u00edlia, foram presos na noite de sexta-feira (30), suspeitos de assaltar pelo menos seis pessoas. No momento da pris\u00e3o, os tr\u00eas homens estavam com distintivos e crach\u00e1s do Gabinete de Seguran\u00e7a Institucional (GSI) da Presid\u00eancia.<!--more--><\/p>\n<p>De acordo com a Pol\u00edcia Militar e publicado pelo portal G1, o grupo usava pistolas das For\u00e7as Armadas para roubar dinheiro, celulares e objetos pessoais de pedestres em Ceil\u00e2ndia. O GSI confirmou que os suspeitos pertencem ao quadro de funcion\u00e1rios.<\/p>\n<p>Os suspeitos trabalhavam como agentes de seguran\u00e7a das instala\u00e7\u00f5es, e controlavam o acesso \u00e0 presid\u00eancia da Rep\u00fablica em pr\u00e9dios como o Pal\u00e1cio do Planalto, o Pal\u00e1cio da Alvorada e a Granja do Torto. Eles n\u00e3o faziam a guarda direta do presidente Michel Temer.<\/p>\n","protected":false},"excerpt":{"rendered":"<p>Militares do Ex\u00e9rcito que atuam na seguran\u00e7a da Presid\u00eancia da Rep\u00fablica, em Bras\u00edlia, foram presos na noite de sexta-feira (30), suspeitos de assaltar pelo menos seis pessoas. No momento da pris\u00e3o, os tr\u00eas homens estavam com distintivos e crach\u00e1s do Gabinete de Seguran\u00e7a Institucional (GSI) da Presid\u00eancia.<\/p>\n","protected":false},"author":1,"featured_media":24993,"comment_status":"open","ping_status":"open","sticky":false,"template":"","format":"standard","meta":{"_links_to":"","_links_to_target":""},"categories":[4,1],"tags":[],"views":1742,"_links":{"self":[{"href":"https:\/\/www.brazilianpress.com\/v1\/wp-json\/wp\/v2\/posts\/24992"}],"collection":[{"href":"https:\/\/www.brazilianpress.com\/v1\/wp-json\/wp\/v2\/posts"}],"about":[{"href":"https:\/\/www.brazilianpress.com\/v1\/wp-json\/wp\/v2\/types\/post"}],"author":[{"embeddable":true,"href":"https:\/\/www.brazilianpress.com\/v1\/wp-json\/wp\/v2\/users\/1"}],"replies":[{"embeddable":true,"href":"https:\/\/www.brazilianpress.com\/v1\/wp-json\/wp\/v2\/comments?post=24992"}],"version-history":[{"count":1,"href":"https:\/\/www.brazilianpress.com\/v1\/wp-json\/wp\/v2\/posts\/24992\/revisions"}],"predecessor-version":[{"id":24994,"href":"https:\/\/www.brazilianpress.com\/v1\/wp-json\/wp\/v2\/posts\/24992\/revisions\/24994"}],"wp:featuredmedia":[{"embeddable":true,"href":"https:\/\/www.brazilianpress.com\/v1\/wp-json\/wp\/v2\/media\/24993"}],"wp:attachment":[{"href":"https:\/\/www.brazilianpress.com\/v1\/wp-json\/wp\/v2\/media?parent=24992"}],"wp:term":[{"taxonomy":"category","embeddable":true,"href":"https:\/\/www.brazilianpress.com\/v1\/wp-json\/wp\/v2\/categories?post=24992"},{"taxonomy":"post_tag","embeddable":true,"href":"https:\/\/www.brazilianpress.com\/v1\/wp-json\/wp\/v2\/tags?post=24992"}],"curies":[{"name":"wp","href":"https:\/\/api.w.org\/{rel}","templated":true}]}}