{"id":24995,"date":"2016-10-06T20:13:57","date_gmt":"2016-10-07T00:13:57","guid":{"rendered":"http:\/\/www.brazilianpress.com\/v1\/?p=24995"},"modified":"2016-10-06T20:13:57","modified_gmt":"2016-10-07T00:13:57","slug":"cresce-casos-de-criancas-paralisadas-por-misterioso-mal-em-24-estados-americanos","status":"publish","type":"post","link":"https:\/\/www.brazilianpress.com\/v1\/2016\/10\/06\/cresce-casos-de-criancas-paralisadas-por-misterioso-mal-em-24-estados-americanos\/","title":{"rendered":"Cresce casos de crian\u00e7as paralisadas por misterioso mal em 24 estados americanos"},"content":{"rendered":"<p><img loading=\"lazy\" class=\"alignright size-full wp-image-24996\" src=\"http:\/\/www.brazilianpress.com\/v1\/wp-content\/uploads\/2016\/10\/misteriosa-enfermidade.jpg\" alt=\"misteriosa-enfermidade\" width=\"300\" height=\"169\" \/>Carter Roberts, de tr\u00eas anos, era um menino saud\u00e1vel de Chesterfield, Virg\u00ednia, mas durante uma semana sua vida mudou completamente. Logo, Carter se tornou um paciente incapaz de mover os bra\u00e7os ou pernas por seus pr\u00f3prios meios.<\/p>\n<p><!--more-->&#8220;Necessitava inclusive de respirador artificial&#8221; disse sua m\u00e3e Robin Roberts. &#8220;os m\u00e9dicos trabalharam muito para poder entender o que acontecia&#8221;. No hospital, os Roberts encontraram mais perguntas do que respostas, j\u00e1 que os m\u00e9dicos deram um n\u00famero infinito de diagn\u00f3sticos.<\/p>\n<p>Finalmente, depois de uma resson\u00e2ncia magn\u00e9tica, Carter foi diagnosticado com mielitis fl\u00e1cida aguda. Uma enfermidade similar \u00e0 poliomelitis que parece estar em \u00e1gua recentemente. Na segunda-feira, o Centro para Controle de Enfermidades revelou que at\u00e9 agosto foram informados 50 casos confirmados durante 2016, em 24 estados.<\/p>\n<p>Vinculam a doen\u00e7a a um enterov\u00edrus que circula de novo ap\u00f3s haver paralisado 120 crian\u00e7as em 2014. Se sup\u00f5e que o v\u00edrus afeta levemente as crian\u00e7as, mas que se entrar no sistema nervoso central seus efeitos s\u00e3o devastadores, com complica\u00e7\u00f5es como a mielitis.<\/p>\n<p>As recomenda\u00e7\u00f5es para evitar o cont\u00e1gio s\u00e3o, entre outras, cobrir o nariz e a boca ao respirar, evitar contato de pessoas sadias e enfermas e refor\u00e7ar lavagem das m\u00e3os. Carter, que foi diagnosticado em julho, apenas recuperou o movimento do lado direito do rosto. Tenta falar e responder algumas palavras e move levemente a l\u00edngua. Por desgra\u00e7a, os investigadores indicam que n\u00e3o h\u00e1 tratamentos ou curas para essa doen\u00e7a.<\/p>\n","protected":false},"excerpt":{"rendered":"<p>Carter Roberts, de tr\u00eas anos, era um menino saud\u00e1vel de Chesterfield, Virg\u00ednia, mas durante uma semana sua vida mudou completamente. Logo, Carter se tornou um paciente incapaz de mover os bra\u00e7os ou pernas por seus pr\u00f3prios meios.<\/p>\n","protected":false},"author":1,"featured_media":24996,"comment_status":"open","ping_status":"open","sticky":false,"template":"","format":"standard","meta":{"_links_to":"","_links_to_target":""},"categories":[4,1],"tags":[],"views":1910,"_links":{"self":[{"href":"https:\/\/www.brazilianpress.com\/v1\/wp-json\/wp\/v2\/posts\/24995"}],"collection":[{"href":"https:\/\/www.brazilianpress.com\/v1\/wp-json\/wp\/v2\/posts"}],"about":[{"href":"https:\/\/www.brazilianpress.com\/v1\/wp-json\/wp\/v2\/types\/post"}],"author":[{"embeddable":true,"href":"https:\/\/www.brazilianpress.com\/v1\/wp-json\/wp\/v2\/users\/1"}],"replies":[{"embeddable":true,"href":"https:\/\/www.brazilianpress.com\/v1\/wp-json\/wp\/v2\/comments?post=24995"}],"version-history":[{"count":1,"href":"https:\/\/www.brazilianpress.com\/v1\/wp-json\/wp\/v2\/posts\/24995\/revisions"}],"predecessor-version":[{"id":24997,"href":"https:\/\/www.brazilianpress.com\/v1\/wp-json\/wp\/v2\/posts\/24995\/revisions\/24997"}],"wp:featuredmedia":[{"embeddable":true,"href":"https:\/\/www.brazilianpress.com\/v1\/wp-json\/wp\/v2\/media\/24996"}],"wp:attachment":[{"href":"https:\/\/www.brazilianpress.com\/v1\/wp-json\/wp\/v2\/media?parent=24995"}],"wp:term":[{"taxonomy":"category","embeddable":true,"href":"https:\/\/www.brazilianpress.com\/v1\/wp-json\/wp\/v2\/categories?post=24995"},{"taxonomy":"post_tag","embeddable":true,"href":"https:\/\/www.brazilianpress.com\/v1\/wp-json\/wp\/v2\/tags?post=24995"}],"curies":[{"name":"wp","href":"https:\/\/api.w.org\/{rel}","templated":true}]}}