{"id":24998,"date":"2016-10-06T20:17:25","date_gmt":"2016-10-07T00:17:25","guid":{"rendered":"http:\/\/www.brazilianpress.com\/v1\/?p=24998"},"modified":"2016-10-06T20:17:25","modified_gmt":"2016-10-07T00:17:25","slug":"nova-exibicao-de-design-interior-revela-o-trabalho-visionario-de-mulheres-arquitetas","status":"publish","type":"post","link":"https:\/\/www.brazilianpress.com\/v1\/2016\/10\/06\/nova-exibicao-de-design-interior-revela-o-trabalho-visionario-de-mulheres-arquitetas\/","title":{"rendered":"Nova Exibi\u00e7\u00e3o de design interior revela o trabalho vision\u00e1rio de mulheres arquitetas"},"content":{"rendered":"<p><img loading=\"lazy\" class=\"alignnone size-full wp-image-25001\" src=\"http:\/\/www.brazilianpress.com\/v1\/wp-content\/uploads\/2016\/10\/mulheres-arquitetas-3.jpg\" alt=\"mulheres-arquitetas-3\" width=\"500\" height=\"375\" srcset=\"https:\/\/www.brazilianpress.com\/v1\/wp-content\/uploads\/2016\/10\/mulheres-arquitetas-3.jpg 500w, https:\/\/www.brazilianpress.com\/v1\/wp-content\/uploads\/2016\/10\/mulheres-arquitetas-3-300x225.jpg 300w\" sizes=\"(max-width: 500px) 100vw, 500px\" \/><\/p>\n<p><strong><em>RCosta- <\/em><\/strong>A mostra de design e arquitetura <strong>&#8220;How Should We Live? Propositions for the Modern Interior&#8221; <\/strong>foi inaugurada no \u00faltimo s\u00e1bado dia 1, na Galeria do 3@ Piso do MoMA-The Museum of Modern Arts.<!--more--> Em exibi\u00e7\u00e3o at\u00e9 23 de abril de 2017, visitantes ter\u00e3o a oportunidade de examinar obras raras concebidas nas primeiras d\u00e9cadas do s\u00e9culo passado, pioneiros no avan\u00e7o moderno do design de moveis e objetos do consumo di\u00e1rio. Os trabalhos revelam o talento vision\u00e1rio de artistas selecionados em 3 categorias, internacional, org\u00e2nico e p\u00f3s-guerra, e s\u00e3o dicas modernas de consumo para os dias de hoje. A mostra tem o foco tamb\u00e9m no trabalho das arquitetas Lilly Reich, Mies van der Rohe, Eileen Gray e Charlotte Perriand. Entre os destaques, uma cozinha produzida entre 1926-1928 &#8220;The Frankfurt Kitchen&#8221;, o set de quarto de crian\u00e7a em uma mans\u00e3o em S\u00e3o Paulo &#8220;Maison Du Bresil&#8221; realizado nos anos 50, e diversas proje\u00e7\u00f5es para salas de estar, e tamb\u00e9m obras multim\u00eddia, objetos, tecido, pinturas e mais. MoMA fica localizado no 11 West 53rd Street, entre as Avenidas 5 e 6.<\/p>\n<p><img loading=\"lazy\" class=\"alignnone size-full wp-image-25002\" src=\"http:\/\/www.brazilianpress.com\/v1\/wp-content\/uploads\/2016\/10\/mulheres-arquitetas-4.jpg\" alt=\"mulheres-arquitetas-4\" width=\"500\" height=\"375\" srcset=\"https:\/\/www.brazilianpress.com\/v1\/wp-content\/uploads\/2016\/10\/mulheres-arquitetas-4.jpg 500w, https:\/\/www.brazilianpress.com\/v1\/wp-content\/uploads\/2016\/10\/mulheres-arquitetas-4-300x225.jpg 300w\" sizes=\"(max-width: 500px) 100vw, 500px\" \/> <img loading=\"lazy\" class=\"alignnone size-full wp-image-25000\" src=\"http:\/\/www.brazilianpress.com\/v1\/wp-content\/uploads\/2016\/10\/mulheres-arquitetas-2.jpg\" alt=\"mulheres-arquitetas-2\" width=\"500\" height=\"375\" srcset=\"https:\/\/www.brazilianpress.com\/v1\/wp-content\/uploads\/2016\/10\/mulheres-arquitetas-2.jpg 500w, https:\/\/www.brazilianpress.com\/v1\/wp-content\/uploads\/2016\/10\/mulheres-arquitetas-2-300x225.jpg 300w\" sizes=\"(max-width: 500px) 100vw, 500px\" \/> <img loading=\"lazy\" class=\"alignnone size-full wp-image-24999\" src=\"http:\/\/www.brazilianpress.com\/v1\/wp-content\/uploads\/2016\/10\/mulheres-arquitetas-1.jpg\" alt=\"mulheres-arquitetas-1\" width=\"500\" height=\"375\" srcset=\"https:\/\/www.brazilianpress.com\/v1\/wp-content\/uploads\/2016\/10\/mulheres-arquitetas-1.jpg 500w, https:\/\/www.brazilianpress.com\/v1\/wp-content\/uploads\/2016\/10\/mulheres-arquitetas-1-300x225.jpg 300w\" sizes=\"(max-width: 500px) 100vw, 500px\" \/><\/p>\n","protected":false},"excerpt":{"rendered":"<p>RCosta- A mostra de design e arquitetura &#8220;How Should We Live? Propositions for the Modern Interior&#8221; foi inaugurada no \u00faltimo s\u00e1bado dia 1, na Galeria do 3@ Piso do MoMA-The Museum of Modern Arts.<\/p>\n","protected":false},"author":1,"featured_media":25001,"comment_status":"open","ping_status":"open","sticky":false,"template":"","format":"standard","meta":{"_links_to":"","_links_to_target":""},"categories":[4,1],"tags":[],"views":2185,"_links":{"self":[{"href":"https:\/\/www.brazilianpress.com\/v1\/wp-json\/wp\/v2\/posts\/24998"}],"collection":[{"href":"https:\/\/www.brazilianpress.com\/v1\/wp-json\/wp\/v2\/posts"}],"about":[{"href":"https:\/\/www.brazilianpress.com\/v1\/wp-json\/wp\/v2\/types\/post"}],"author":[{"embeddable":true,"href":"https:\/\/www.brazilianpress.com\/v1\/wp-json\/wp\/v2\/users\/1"}],"replies":[{"embeddable":true,"href":"https:\/\/www.brazilianpress.com\/v1\/wp-json\/wp\/v2\/comments?post=24998"}],"version-history":[{"count":1,"href":"https:\/\/www.brazilianpress.com\/v1\/wp-json\/wp\/v2\/posts\/24998\/revisions"}],"predecessor-version":[{"id":25003,"href":"https:\/\/www.brazilianpress.com\/v1\/wp-json\/wp\/v2\/posts\/24998\/revisions\/25003"}],"wp:featuredmedia":[{"embeddable":true,"href":"https:\/\/www.brazilianpress.com\/v1\/wp-json\/wp\/v2\/media\/25001"}],"wp:attachment":[{"href":"https:\/\/www.brazilianpress.com\/v1\/wp-json\/wp\/v2\/media?parent=24998"}],"wp:term":[{"taxonomy":"category","embeddable":true,"href":"https:\/\/www.brazilianpress.com\/v1\/wp-json\/wp\/v2\/categories?post=24998"},{"taxonomy":"post_tag","embeddable":true,"href":"https:\/\/www.brazilianpress.com\/v1\/wp-json\/wp\/v2\/tags?post=24998"}],"curies":[{"name":"wp","href":"https:\/\/api.w.org\/{rel}","templated":true}]}}