{"id":2500,"date":"2013-08-22T09:27:10","date_gmt":"2013-08-22T13:27:10","guid":{"rendered":"http:\/\/www.brazilianpress.com\/v1\/?p=2500"},"modified":"2013-08-22T09:27:10","modified_gmt":"2013-08-22T13:27:10","slug":"veja-diferencas-entre-conceitos-que-definem-classes-sociais-no-brasil","status":"publish","type":"post","link":"https:\/\/www.brazilianpress.com\/v1\/2013\/08\/22\/veja-diferencas-entre-conceitos-que-definem-classes-sociais-no-brasil\/","title":{"rendered":"Veja diferen\u00e7as entre conceitos que definem classes sociais no Brasil"},"content":{"rendered":"<p>Um novo crit\u00e9rio para a defini\u00e7\u00e3o das classes sociais no Brasil ser\u00e1 adotado a partir de 2014 pela Associa\u00e7\u00e3o Brasileira de Empresas e Pesquisas (Abep), que representa a atividade de pesquisa de mercado, opini\u00e3o e m\u00eddia do pa\u00eds. O conceito est\u00e1 no livro \u201cEstratifica\u00e7\u00e3o Socioecon\u00f4mica e Consumo no Brasil\u201d, lan\u00e7ado no \u00faltimo dia 15, e foi elaborado pelos professores Wagner A. Kamakura (Rice University) e Jos\u00e9 Afonso Mazzon (FEA-USP).<\/p>\n<p>O crit\u00e9rio contrasta com o usado pelo Governo Federal, lan\u00e7ado em 2012 pela Secretaria de Assuntos Estrat\u00e9gicos (SAE). Um dos pontos \u00e9 que estabelece sete estratos sociais, enquanto o da SAE aponta 8.<!--more--><img loading=\"lazy\" class=\"alignnone\" alt=\"\" src=\"http:\/\/www.brazilianpress.com\/v1\/wp-content\/uploads\/2013\/08\/tabela-renda-brasileiros.jpg\" width=\"400\" height=\"550\" \/><\/p>\n<p>A faixa de renda familiar em cada um tamb\u00e9m varia. No da SAE, por exemplo, a renda familiar do grupo \u201cextremamente pobre\u201d (a base da pir\u00e2mide) \u00e9 de at\u00e9 R$ 324, quanto o novo modelo determina uma base com renda m\u00e9dia familiar de R$ 854 (que por ser m\u00e9dia, pode variar um pouco para cima ou para baixo). O G1 conversou com Mazzon, que apontou as principais diferen\u00e7as entre os crit\u00e9rios.<\/p>\n<p><strong> Renda corrente X renda permanente<\/strong><\/p>\n<p>De acordo com ele, a primeira grande distin\u00e7\u00e3o \u00e9 o conceito de renda corrente, usado pela SAE e no antigo crit\u00e9rio da Abep, e a permanente, usado no novo crit\u00e9rio. \u201cA renda permanente \u00e9 a capacidade que uma fam\u00edlia tem de manter o mesmo padr\u00e3o de vida por determinado per\u00edodo de tempo, mesmo que mude a renda corrente\u201d, explica. A renda corrente \u00e9 aquela que a fam\u00edlia tem garantida mensalmente, como sal\u00e1rio, aluguel ou a pens\u00e3o.<\/p>\n<p>O professor explica, contudo, que mesmo que uma pessoa deixe o emprego, ela continua com o antigo padr\u00e3o de vida por um determinado per\u00edodo de tempo, mesmo que a renda corrente seja zero \u2013 para isso ela pode usar, por exemplo, recursos de um dinheiro guardado na poupan\u00e7a, cr\u00e9dito etc. \u201cEu consigo viver mantendo o meu padr\u00e3o [por um determinado per\u00edodo], mas a renda corrente caiu para zero, se essa pessoa fosse medida pelo outro crit\u00e9rio, ela saiu da linha\u201d, explica.<\/p>\n","protected":false},"excerpt":{"rendered":"<p>Um novo crit\u00e9rio para a defini\u00e7\u00e3o das classes sociais no Brasil ser\u00e1 adotado a partir de 2014 pela Associa\u00e7\u00e3o Brasileira de Empresas e Pesquisas (Abep), que representa a atividade de pesquisa de mercado, opini\u00e3o e m\u00eddia do pa\u00eds. O conceito est\u00e1 no livro \u201cEstratifica\u00e7\u00e3o Socioecon\u00f4mica e Consumo no Brasil\u201d, lan\u00e7ado no \u00faltimo dia 15, e foi elaborado pelos professores Wagner A. Kamakura (Rice University) e Jos\u00e9 Afonso Mazzon (FEA-USP). O crit\u00e9rio contrasta com o usado pelo Governo Federal, lan\u00e7ado em 2012 pela Secretaria de Assuntos Estrat\u00e9gicos (SAE). Um dos pontos \u00e9 que estabelece sete estratos sociais, enquanto o da SAE [&hellip;]<\/p>\n","protected":false},"author":1,"featured_media":2503,"comment_status":"open","ping_status":"open","sticky":false,"template":"","format":"standard","meta":{"_links_to":"","_links_to_target":""},"categories":[7,1],"tags":[],"views":93658,"_links":{"self":[{"href":"https:\/\/www.brazilianpress.com\/v1\/wp-json\/wp\/v2\/posts\/2500"}],"collection":[{"href":"https:\/\/www.brazilianpress.com\/v1\/wp-json\/wp\/v2\/posts"}],"about":[{"href":"https:\/\/www.brazilianpress.com\/v1\/wp-json\/wp\/v2\/types\/post"}],"author":[{"embeddable":true,"href":"https:\/\/www.brazilianpress.com\/v1\/wp-json\/wp\/v2\/users\/1"}],"replies":[{"embeddable":true,"href":"https:\/\/www.brazilianpress.com\/v1\/wp-json\/wp\/v2\/comments?post=2500"}],"version-history":[{"count":1,"href":"https:\/\/www.brazilianpress.com\/v1\/wp-json\/wp\/v2\/posts\/2500\/revisions"}],"predecessor-version":[{"id":2504,"href":"https:\/\/www.brazilianpress.com\/v1\/wp-json\/wp\/v2\/posts\/2500\/revisions\/2504"}],"wp:featuredmedia":[{"embeddable":true,"href":"https:\/\/www.brazilianpress.com\/v1\/wp-json\/wp\/v2\/media\/2503"}],"wp:attachment":[{"href":"https:\/\/www.brazilianpress.com\/v1\/wp-json\/wp\/v2\/media?parent=2500"}],"wp:term":[{"taxonomy":"category","embeddable":true,"href":"https:\/\/www.brazilianpress.com\/v1\/wp-json\/wp\/v2\/categories?post=2500"},{"taxonomy":"post_tag","embeddable":true,"href":"https:\/\/www.brazilianpress.com\/v1\/wp-json\/wp\/v2\/tags?post=2500"}],"curies":[{"name":"wp","href":"https:\/\/api.w.org\/{rel}","templated":true}]}}