{"id":25004,"date":"2016-10-06T20:19:29","date_gmt":"2016-10-07T00:19:29","guid":{"rendered":"http:\/\/www.brazilianpress.com\/v1\/?p=25004"},"modified":"2016-10-06T20:19:29","modified_gmt":"2016-10-07T00:19:29","slug":"grupo-planet-hemp-faz-show-exclusivo-no-coracao-de-times-square-em-manhattan","status":"publish","type":"post","link":"https:\/\/www.brazilianpress.com\/v1\/2016\/10\/06\/grupo-planet-hemp-faz-show-exclusivo-no-coracao-de-times-square-em-manhattan\/","title":{"rendered":"Grupo Planet Hemp faz show exclusivo no cora\u00e7\u00e3o de Times Square em Manhattan"},"content":{"rendered":"<p><img loading=\"lazy\" class=\"alignnone size-full wp-image-25005\" src=\"http:\/\/www.brazilianpress.com\/v1\/wp-content\/uploads\/2016\/10\/planet-hemp-times-square-ny-3.jpg\" alt=\"planet-hemp-times-square-ny-3\" width=\"500\" height=\"281\" srcset=\"https:\/\/www.brazilianpress.com\/v1\/wp-content\/uploads\/2016\/10\/planet-hemp-times-square-ny-3.jpg 500w, https:\/\/www.brazilianpress.com\/v1\/wp-content\/uploads\/2016\/10\/planet-hemp-times-square-ny-3-300x169.jpg 300w\" sizes=\"(max-width: 500px) 100vw, 500px\" \/><\/p>\n<p><strong><em>Roger Costa- <\/em><\/strong>Liderados pelo pol\u00eamico Marcelo D2, a banda Planet Hemp apresenta show exclusivo no cora\u00e7\u00e3o de Times Square em Manhattan. <!--more-->Sucessos populares como &#8220;N\u00e3o Compre, Plante&#8221;, &#8220;Porcos Fardados&#8221;, e &#8220;Fazendo a Cabe\u00e7a&#8221; fazem parte do repert\u00f3rio, e na ocasi\u00e3o o grupo estar\u00e1 celebrando a reuni\u00e3o completa de todos os membros. Alcan\u00e7ando fama e sucesso nos anos 90 pela ousadia desafiadora das can\u00e7\u00f5es sobre maconha, e seu relacionamento com a sociedade, a sa\u00fade e as autoridades, o Planet Hemp \u00e9 um dos grupos mais populares de rock e hip hop brasileiro e j\u00e1 se apresentaram em v\u00e1rias partes do mundo. O show exclusivo no <strong>B.B. Kings Blus Club &amp; Grill <\/strong>localizado na Rua 42 entre as Avenidas 8 e 9, \u00e9 parte do 5th Annual Festival People en Espanol. S\u00e1bado dia 15 de outubro a partir da meia-noite. Portas abrem \u00e0s 11h00, e o local oferece menu com pratos e aperitivos recomend\u00e1veis. Acesse <a href=\"http:\/\/www.bbkingblues.com\/bio.php?id=7190\">http:\/\/www.bbkingblues.com\/bio.php?id=7190<\/a> para ingressos e detalhes.<\/p>\n<p><img loading=\"lazy\" class=\"alignnone size-full wp-image-25006\" src=\"http:\/\/www.brazilianpress.com\/v1\/wp-content\/uploads\/2016\/10\/planet-hemp-times-square-ny-2.jpg\" alt=\"planet-hemp-times-square-ny-2\" width=\"500\" height=\"282\" srcset=\"https:\/\/www.brazilianpress.com\/v1\/wp-content\/uploads\/2016\/10\/planet-hemp-times-square-ny-2.jpg 500w, https:\/\/www.brazilianpress.com\/v1\/wp-content\/uploads\/2016\/10\/planet-hemp-times-square-ny-2-300x169.jpg 300w\" sizes=\"(max-width: 500px) 100vw, 500px\" \/><\/p>\n<p><img loading=\"lazy\" class=\"alignnone size-full wp-image-25007\" src=\"http:\/\/www.brazilianpress.com\/v1\/wp-content\/uploads\/2016\/10\/planet-hemp-times-square-ny-1.jpg\" alt=\"planet-hemp-times-square-ny-1\" width=\"500\" height=\"735\" srcset=\"https:\/\/www.brazilianpress.com\/v1\/wp-content\/uploads\/2016\/10\/planet-hemp-times-square-ny-1.jpg 500w, https:\/\/www.brazilianpress.com\/v1\/wp-content\/uploads\/2016\/10\/planet-hemp-times-square-ny-1-204x300.jpg 204w\" sizes=\"(max-width: 500px) 100vw, 500px\" \/><\/p>\n","protected":false},"excerpt":{"rendered":"<p>Roger Costa- Liderados pelo pol\u00eamico Marcelo D2, a banda Planet Hemp apresenta show exclusivo no cora\u00e7\u00e3o de Times Square em Manhattan.<\/p>\n","protected":false},"author":1,"featured_media":25005,"comment_status":"open","ping_status":"open","sticky":false,"template":"","format":"standard","meta":{"_links_to":"","_links_to_target":""},"categories":[4,1],"tags":[],"views":2346,"_links":{"self":[{"href":"https:\/\/www.brazilianpress.com\/v1\/wp-json\/wp\/v2\/posts\/25004"}],"collection":[{"href":"https:\/\/www.brazilianpress.com\/v1\/wp-json\/wp\/v2\/posts"}],"about":[{"href":"https:\/\/www.brazilianpress.com\/v1\/wp-json\/wp\/v2\/types\/post"}],"author":[{"embeddable":true,"href":"https:\/\/www.brazilianpress.com\/v1\/wp-json\/wp\/v2\/users\/1"}],"replies":[{"embeddable":true,"href":"https:\/\/www.brazilianpress.com\/v1\/wp-json\/wp\/v2\/comments?post=25004"}],"version-history":[{"count":1,"href":"https:\/\/www.brazilianpress.com\/v1\/wp-json\/wp\/v2\/posts\/25004\/revisions"}],"predecessor-version":[{"id":25008,"href":"https:\/\/www.brazilianpress.com\/v1\/wp-json\/wp\/v2\/posts\/25004\/revisions\/25008"}],"wp:featuredmedia":[{"embeddable":true,"href":"https:\/\/www.brazilianpress.com\/v1\/wp-json\/wp\/v2\/media\/25005"}],"wp:attachment":[{"href":"https:\/\/www.brazilianpress.com\/v1\/wp-json\/wp\/v2\/media?parent=25004"}],"wp:term":[{"taxonomy":"category","embeddable":true,"href":"https:\/\/www.brazilianpress.com\/v1\/wp-json\/wp\/v2\/categories?post=25004"},{"taxonomy":"post_tag","embeddable":true,"href":"https:\/\/www.brazilianpress.com\/v1\/wp-json\/wp\/v2\/tags?post=25004"}],"curies":[{"name":"wp","href":"https:\/\/api.w.org\/{rel}","templated":true}]}}