{"id":25009,"date":"2016-10-06T20:21:56","date_gmt":"2016-10-07T00:21:56","guid":{"rendered":"http:\/\/www.brazilianpress.com\/v1\/?p=25009"},"modified":"2016-10-06T20:21:56","modified_gmt":"2016-10-07T00:21:56","slug":"artistas-consagrados-participam-de-bate-papo-gratuito-no-new-york-film-festival","status":"publish","type":"post","link":"https:\/\/www.brazilianpress.com\/v1\/2016\/10\/06\/artistas-consagrados-participam-de-bate-papo-gratuito-no-new-york-film-festival\/","title":{"rendered":"Artistas consagrados participam de Bate-Papo Gratuito no New York Film Festival"},"content":{"rendered":"<p><img loading=\"lazy\" class=\"alignnone size-full wp-image-25012\" src=\"http:\/\/www.brazilianpress.com\/v1\/wp-content\/uploads\/2016\/10\/ny-film-festival-2016-3.jpg\" alt=\"ny-film-festival-2016-3\" width=\"500\" height=\"338\" srcset=\"https:\/\/www.brazilianpress.com\/v1\/wp-content\/uploads\/2016\/10\/ny-film-festival-2016-3.jpg 500w, https:\/\/www.brazilianpress.com\/v1\/wp-content\/uploads\/2016\/10\/ny-film-festival-2016-3-300x203.jpg 300w\" sizes=\"(max-width: 500px) 100vw, 500px\" \/><\/p>\n<p><strong><em>RCosta- <\/em><\/strong>As luzes das estrelas do cinema internacional continuam a brilhar na tela e ao redor do Lincoln Center com o New York Film Festival 2016 entrando em sua segunda semana de programa\u00e7\u00f5es sensacionais. O Festival acontece at\u00e9 o pr\u00f3ximo dia 16 de outubro e al\u00e9m das estreias t\u00e3o badaladas de filmes com potencial ao Oscar, o <strong>NYFF <\/strong>abriga o popular evento gratuito Free Talks.<!--more--> O programa de bate-papo traz estrelas do cinema e profissionais para conversas bem-humoradas e superinteressantes, com a participa\u00e7\u00e3o da plateia em perguntas e respostas, no evento que acontece todas as noites \u00e0s 7h00pm. O charmoso astro mexicano de reconhecimento internacional, <strong>Gael Garcia Bernal <\/strong>e o diretor Pablo Larrain s\u00e3o os convidados desta quinta-feira (6) para um bate-papo sobre o filme &#8220;Neruda&#8221;. Em seguida, na sexta-feira, o encontro do celebrado diretor <strong>Ira Sachs <\/strong>com outros convidados para abordarem a evolu\u00e7\u00e3o do Cinema Independente, e no s\u00e1bado um bate-papo entre os diretores <strong>Kleber Mendonca<\/strong>, Olivier Assayas e Alison Maclean. Outras atra\u00e7\u00f5es, constam a atriz <strong>Sonia Braga <\/strong>ao lado do diretor Kleber Mendonca programados para a pr\u00f3xima segunda-feira, conversas com os diretores <strong>Ang Lee, Jim Jamursch, Paul Verhoeven <\/strong>e a turma por tr\u00e1s dos document\u00e1rios no Festivais e os criadores da anima\u00e7\u00e3o &#8220;My Entire High School Sinking&#8221; al\u00e9m de painel com os realizadores do Festival. A entrada e completamente gratuita e ingressos s\u00e3o distribu\u00eddos 1 hora antes do evento por ordem de chegada. Visite o website <a href=\"www.filmlinc.com\/nyff\">www.filmlinc.com\/nyff<\/a> para programa\u00e7\u00e3o completa.<\/p>\n<p><img loading=\"lazy\" class=\"alignnone size-full wp-image-25014\" src=\"http:\/\/www.brazilianpress.com\/v1\/wp-content\/uploads\/2016\/10\/ny-film-festival-2016-5.jpg\" alt=\"ny-film-festival-2016-5\" width=\"500\" height=\"281\" srcset=\"https:\/\/www.brazilianpress.com\/v1\/wp-content\/uploads\/2016\/10\/ny-film-festival-2016-5.jpg 500w, https:\/\/www.brazilianpress.com\/v1\/wp-content\/uploads\/2016\/10\/ny-film-festival-2016-5-300x169.jpg 300w\" sizes=\"(max-width: 500px) 100vw, 500px\" \/> <img loading=\"lazy\" class=\"alignnone size-full wp-image-25013\" src=\"http:\/\/www.brazilianpress.com\/v1\/wp-content\/uploads\/2016\/10\/ny-film-festival-2016-4.jpg\" alt=\"ny-film-festival-2016-4\" width=\"500\" height=\"281\" srcset=\"https:\/\/www.brazilianpress.com\/v1\/wp-content\/uploads\/2016\/10\/ny-film-festival-2016-4.jpg 500w, https:\/\/www.brazilianpress.com\/v1\/wp-content\/uploads\/2016\/10\/ny-film-festival-2016-4-300x169.jpg 300w\" sizes=\"(max-width: 500px) 100vw, 500px\" \/> <img loading=\"lazy\" class=\"alignnone size-full wp-image-25011\" src=\"http:\/\/www.brazilianpress.com\/v1\/wp-content\/uploads\/2016\/10\/ny-film-festival-2016-2.jpg\" alt=\"ny-film-festival-2016-2\" width=\"500\" height=\"373\" srcset=\"https:\/\/www.brazilianpress.com\/v1\/wp-content\/uploads\/2016\/10\/ny-film-festival-2016-2.jpg 500w, https:\/\/www.brazilianpress.com\/v1\/wp-content\/uploads\/2016\/10\/ny-film-festival-2016-2-300x224.jpg 300w\" sizes=\"(max-width: 500px) 100vw, 500px\" \/> <img loading=\"lazy\" class=\"alignnone size-full wp-image-25010\" src=\"http:\/\/www.brazilianpress.com\/v1\/wp-content\/uploads\/2016\/10\/ny-film-festival-2016-1.jpg\" alt=\"ny-film-festival-2016-1\" width=\"500\" height=\"281\" srcset=\"https:\/\/www.brazilianpress.com\/v1\/wp-content\/uploads\/2016\/10\/ny-film-festival-2016-1.jpg 500w, https:\/\/www.brazilianpress.com\/v1\/wp-content\/uploads\/2016\/10\/ny-film-festival-2016-1-300x169.jpg 300w\" sizes=\"(max-width: 500px) 100vw, 500px\" \/><\/p>\n","protected":false},"excerpt":{"rendered":"<p>RCosta- As luzes das estrelas do cinema internacional continuam a brilhar na tela e ao redor do Lincoln Center com o New York Film Festival 2016 entrando em sua segunda semana de programa\u00e7\u00f5es sensacionais. O Festival acontece at\u00e9 o pr\u00f3ximo dia 16 de outubro e al\u00e9m das estreias t\u00e3o badaladas de filmes com potencial ao Oscar, o NYFF abriga o popular evento gratuito Free Talks.<\/p>\n","protected":false},"author":1,"featured_media":25012,"comment_status":"open","ping_status":"open","sticky":false,"template":"","format":"standard","meta":{"_links_to":"","_links_to_target":""},"categories":[4,1],"tags":[],"views":2073,"_links":{"self":[{"href":"https:\/\/www.brazilianpress.com\/v1\/wp-json\/wp\/v2\/posts\/25009"}],"collection":[{"href":"https:\/\/www.brazilianpress.com\/v1\/wp-json\/wp\/v2\/posts"}],"about":[{"href":"https:\/\/www.brazilianpress.com\/v1\/wp-json\/wp\/v2\/types\/post"}],"author":[{"embeddable":true,"href":"https:\/\/www.brazilianpress.com\/v1\/wp-json\/wp\/v2\/users\/1"}],"replies":[{"embeddable":true,"href":"https:\/\/www.brazilianpress.com\/v1\/wp-json\/wp\/v2\/comments?post=25009"}],"version-history":[{"count":1,"href":"https:\/\/www.brazilianpress.com\/v1\/wp-json\/wp\/v2\/posts\/25009\/revisions"}],"predecessor-version":[{"id":25015,"href":"https:\/\/www.brazilianpress.com\/v1\/wp-json\/wp\/v2\/posts\/25009\/revisions\/25015"}],"wp:featuredmedia":[{"embeddable":true,"href":"https:\/\/www.brazilianpress.com\/v1\/wp-json\/wp\/v2\/media\/25012"}],"wp:attachment":[{"href":"https:\/\/www.brazilianpress.com\/v1\/wp-json\/wp\/v2\/media?parent=25009"}],"wp:term":[{"taxonomy":"category","embeddable":true,"href":"https:\/\/www.brazilianpress.com\/v1\/wp-json\/wp\/v2\/categories?post=25009"},{"taxonomy":"post_tag","embeddable":true,"href":"https:\/\/www.brazilianpress.com\/v1\/wp-json\/wp\/v2\/tags?post=25009"}],"curies":[{"name":"wp","href":"https:\/\/api.w.org\/{rel}","templated":true}]}}