{"id":25016,"date":"2016-10-06T20:24:04","date_gmt":"2016-10-07T00:24:04","guid":{"rendered":"http:\/\/www.brazilianpress.com\/v1\/?p=25016"},"modified":"2016-10-06T20:24:04","modified_gmt":"2016-10-07T00:24:04","slug":"superstar-fadista-mariza-traz-nova-turne-para-a-comunidade-de-newark","status":"publish","type":"post","link":"https:\/\/www.brazilianpress.com\/v1\/2016\/10\/06\/superstar-fadista-mariza-traz-nova-turne-para-a-comunidade-de-newark\/","title":{"rendered":"Superstar Fadista Mariza traz nova turn\u00ea para a comunidade de Newark"},"content":{"rendered":"<p><img loading=\"lazy\" class=\"alignnone size-full wp-image-25017\" src=\"http:\/\/www.brazilianpress.com\/v1\/wp-content\/uploads\/2016\/10\/mariza-newark-fado-3.jpg\" alt=\"mariza-newark-fado-3\" width=\"500\" height=\"500\" srcset=\"https:\/\/www.brazilianpress.com\/v1\/wp-content\/uploads\/2016\/10\/mariza-newark-fado-3.jpg 500w, https:\/\/www.brazilianpress.com\/v1\/wp-content\/uploads\/2016\/10\/mariza-newark-fado-3-150x150.jpg 150w, https:\/\/www.brazilianpress.com\/v1\/wp-content\/uploads\/2016\/10\/mariza-newark-fado-3-300x300.jpg 300w\" sizes=\"(max-width: 500px) 100vw, 500px\" \/><\/p>\n<p><strong><u>Roger Costa- <\/u><\/strong>Uma das artistas portuguesas de maior reconhecimento ao redor do mundo, considerada a estrela do fado contempor\u00e2neo, <strong>Mariza<\/strong> retorna a Am\u00e9rica trazendo sua nova turn\u00ea &#8220;Mundo 360&#8221;, e a comunidade de Newark ser\u00e1 agraciada como a sua pr\u00f3xima parada. <!--more-->A turn\u00ea tem sido aplaudida por cidades por onde j\u00e1 passou, e o p\u00fablico em Newark poder\u00e1 experimentar as novidades do show rom\u00e2ntico e melanc\u00f3lico, de acordes poderosos em harmonia a voz sedutora da interprete. Admiradores do g\u00eanero t\u00e3o popular por seu estilo autentico de fortes emo\u00e7\u00f5es, bem como residentes portugueses e brasileiros na regi\u00e3o tamb\u00e9m poder\u00e3o prestigiar o talento da cantora brasileira de Bossa Nova <strong>Bebel Gilberto<\/strong>, convidada especial para dividir o palco com Mariza. O grande espet\u00e1culo promete surpresas e duetos emocionantes, com o apoio fundamental de grandes m\u00fasicos. Pr\u00f3ximo domingo, dia 16 de outubro no palco principal do <strong>NJPAC-New Jersey Performing Arts Center <\/strong>localizado no 1 Center Street, Downtown Newark-NJ. Ingressos e detalhes podem ser adquiridos via telefone 1-888-GO-NJPAC, na bilheteria ou pelo website <a href=\"www.njpac.org\">www.njpac.org<\/a>.<\/p>\n<p><img loading=\"lazy\" class=\"alignnone size-full wp-image-25018\" src=\"http:\/\/www.brazilianpress.com\/v1\/wp-content\/uploads\/2016\/10\/mariza-newark-fado-2.jpg\" alt=\"mariza-newark-fado-2\" width=\"500\" height=\"258\" srcset=\"https:\/\/www.brazilianpress.com\/v1\/wp-content\/uploads\/2016\/10\/mariza-newark-fado-2.jpg 500w, https:\/\/www.brazilianpress.com\/v1\/wp-content\/uploads\/2016\/10\/mariza-newark-fado-2-300x155.jpg 300w\" sizes=\"(max-width: 500px) 100vw, 500px\" \/> <img loading=\"lazy\" class=\"alignnone size-full wp-image-25019\" src=\"http:\/\/www.brazilianpress.com\/v1\/wp-content\/uploads\/2016\/10\/mariza-newark-fado-1.jpg\" alt=\"mariza-newark-fado-1\" width=\"500\" height=\"258\" srcset=\"https:\/\/www.brazilianpress.com\/v1\/wp-content\/uploads\/2016\/10\/mariza-newark-fado-1.jpg 500w, https:\/\/www.brazilianpress.com\/v1\/wp-content\/uploads\/2016\/10\/mariza-newark-fado-1-300x155.jpg 300w\" sizes=\"(max-width: 500px) 100vw, 500px\" \/><\/p>\n","protected":false},"excerpt":{"rendered":"<p>Roger Costa- Uma das artistas portuguesas de maior reconhecimento ao redor do mundo, considerada a estrela do fado contempor\u00e2neo, Mariza retorna a Am\u00e9rica trazendo sua nova turn\u00ea &#8220;Mundo 360&#8221;, e a comunidade de Newark ser\u00e1 agraciada como a sua pr\u00f3xima parada.<\/p>\n","protected":false},"author":1,"featured_media":25017,"comment_status":"open","ping_status":"open","sticky":false,"template":"","format":"standard","meta":{"_links_to":"","_links_to_target":""},"categories":[4,1],"tags":[],"views":2464,"_links":{"self":[{"href":"https:\/\/www.brazilianpress.com\/v1\/wp-json\/wp\/v2\/posts\/25016"}],"collection":[{"href":"https:\/\/www.brazilianpress.com\/v1\/wp-json\/wp\/v2\/posts"}],"about":[{"href":"https:\/\/www.brazilianpress.com\/v1\/wp-json\/wp\/v2\/types\/post"}],"author":[{"embeddable":true,"href":"https:\/\/www.brazilianpress.com\/v1\/wp-json\/wp\/v2\/users\/1"}],"replies":[{"embeddable":true,"href":"https:\/\/www.brazilianpress.com\/v1\/wp-json\/wp\/v2\/comments?post=25016"}],"version-history":[{"count":1,"href":"https:\/\/www.brazilianpress.com\/v1\/wp-json\/wp\/v2\/posts\/25016\/revisions"}],"predecessor-version":[{"id":25020,"href":"https:\/\/www.brazilianpress.com\/v1\/wp-json\/wp\/v2\/posts\/25016\/revisions\/25020"}],"wp:featuredmedia":[{"embeddable":true,"href":"https:\/\/www.brazilianpress.com\/v1\/wp-json\/wp\/v2\/media\/25017"}],"wp:attachment":[{"href":"https:\/\/www.brazilianpress.com\/v1\/wp-json\/wp\/v2\/media?parent=25016"}],"wp:term":[{"taxonomy":"category","embeddable":true,"href":"https:\/\/www.brazilianpress.com\/v1\/wp-json\/wp\/v2\/categories?post=25016"},{"taxonomy":"post_tag","embeddable":true,"href":"https:\/\/www.brazilianpress.com\/v1\/wp-json\/wp\/v2\/tags?post=25016"}],"curies":[{"name":"wp","href":"https:\/\/api.w.org\/{rel}","templated":true}]}}