{"id":25021,"date":"2016-10-06T20:27:10","date_gmt":"2016-10-07T00:27:10","guid":{"rendered":"http:\/\/www.brazilianpress.com\/v1\/?p=25021"},"modified":"2016-10-13T14:38:36","modified_gmt":"2016-10-13T18:38:36","slug":"florida-declara-estado-de-emergencia-perante-possivel-passagem-de-matthew","status":"publish","type":"post","link":"https:\/\/www.brazilianpress.com\/v1\/2016\/10\/06\/florida-declara-estado-de-emergencia-perante-possivel-passagem-de-matthew\/","title":{"rendered":"Fl\u00f3rida declara estado de emerg\u00eancia perante poss\u00edvel passagem de &#8220;Matthew&#8221;"},"content":{"rendered":"<p><img loading=\"lazy\" class=\"alignnone size-full wp-image-25022\" src=\"http:\/\/www.brazilianpress.com\/v1\/wp-content\/uploads\/2016\/10\/furacao-matthew-hurricane.jpg\" alt=\"furacao-matthew-hurricane\" width=\"500\" height=\"289\" srcset=\"https:\/\/www.brazilianpress.com\/v1\/wp-content\/uploads\/2016\/10\/furacao-matthew-hurricane.jpg 500w, https:\/\/www.brazilianpress.com\/v1\/wp-content\/uploads\/2016\/10\/furacao-matthew-hurricane-300x173.jpg 300w\" sizes=\"(max-width: 500px) 100vw, 500px\" \/><\/p>\n<p><img loading=\"lazy\" class=\"alignright size-full wp-image-25023\" src=\"http:\/\/www.brazilianpress.com\/v1\/wp-content\/uploads\/2016\/10\/governador-florida.jpg\" alt=\"governador-florida\" width=\"275\" height=\"183\" \/>O governador da Fl\u00f3rida, nos Estados Unidos, declarou &#8220;estado de emerg\u00eancia&#8221; nesta segunda-feira perante a poss\u00edvel chegada do poderoso furac\u00e3o &#8220;Matthew&#8221; ao sul do estado, ap\u00f3s sua previs\u00edvel passagem por Haiti, Jamaica e Cuba a partir desta noite.<!--more--><\/p>\n<p>Embora ainda n\u00e3o esteja claro se a trajet\u00f3ria afetar\u00e1 gravemente \u00e0 Fl\u00f3rida, o governador Rick Scott declarou que &#8220;se deve levar &#8216;Matthew&#8217; a s\u00e9rio, um furac\u00e3o de categoria 4, que amea\u00e7a a vida da comunidade&#8221;.<\/p>\n<p>&#8220;Se o furac\u00e3o &#8216;Matthew&#8217; impactar diretamente na Fl\u00f3rida, poderia haver uma destrui\u00e7\u00e3o em massa que n\u00e3o vimos desde o furac\u00e3o &#8216;Andrew&#8217; que devastou o condado Miami-Dade em 1992&#8221;, afirmou Scott.<\/p>\n<p>O governador instou a comunidade a manter-se em alerta esta semana e a estar preparada perante a poss\u00edvel chegada do quinto furac\u00e3o da atual temporada cicl\u00f4nica no Atl\u00e2ntico.<\/p>\n<p>Apesar de a maior parte dos modelos por computador a cinco dias situarem a pen\u00ednsula na beira exterior do cone de a\u00e7\u00e3o, os meteorologistas advertiram que \u00e9 cedo para descartar totalmente que n\u00e3o impacte na costa leste do estado.<\/p>\n<p>&#8220;Os residentes n\u00e3o devem se atrasar e come\u00e7ar a se preparar para o pior agora&#8221;, declarou Bryan Koon, coordenador estadual de emerg\u00eancias.<\/p>\n<p>&#8220;Assegurem-se de ter comida e \u00e1gua para tr\u00eas dias e lanternas, pilhas e um r\u00e1dio com pilhas&#8221;, completou o governador.<\/p>\n<p>Da mesma forma, a empresa de energia Florida Power &amp; Light (FPL) ativou sua &#8220;resposta de emerg\u00eancia&#8221; perante as previs\u00edveis chuvas e fortes ventos.<\/p>\n<p>A Guarda Costeira dos Estados Unidos tamb\u00e9m urgiu hoje os navegantes a come\u00e7arem os preparativos, como proteger as embarca\u00e7\u00f5es e estarem prontos para uma eventual evacua\u00e7\u00e3o.<\/p>\n<p>&#8220;Matthew&#8221; continua lentamente seu avan\u00e7o em dire\u00e7\u00e3o norte com uma velocidade de transla\u00e7\u00e3o de 9 km\/h, alertou o Centro Nacional de Furac\u00f5es (NHC, na sigla em ingl\u00eas).<\/p>\n<p>Segundo um prov\u00e1vel padr\u00e3o de trajet\u00f3ria, &#8220;o centro de &#8216;Matthew&#8217; se aproximar\u00e1 do sudoeste do Haiti esta noite e do leste de Cuba amanh\u00e3, ter\u00e7a-feira&#8221;, para movimentar-se depois, na ter\u00e7a-feira \u00e0 noite e na quarta-feira, &#8220;perto ou sobre por\u00e7\u00f5es do sudeste e do centro das Bahamas&#8221;, detalhou o NHC.<\/p>\n<p>No in\u00edcio da tarde de hoje, &#8220;Matthew&#8221; estava cerca de 440 quil\u00f4metros ao sudoeste de Porto Pr\u00edncipe, capital do Haiti, e 330 quil\u00f4metros ao sudeste de Kingston, capital da Jamaica, segundo o &#8220;NHC&#8221;.<\/p>\n","protected":false},"excerpt":{"rendered":"<p>O governador da Fl\u00f3rida, nos Estados Unidos, declarou &#8220;estado de emerg\u00eancia&#8221; nesta segunda-feira perante a poss\u00edvel chegada do poderoso furac\u00e3o &#8220;Matthew&#8221; ao sul do estado, ap\u00f3s sua previs\u00edvel passagem por Haiti, Jamaica e Cuba a partir desta noite.<\/p>\n","protected":false},"author":1,"featured_media":25022,"comment_status":"open","ping_status":"open","sticky":false,"template":"","format":"standard","meta":{"_links_to":"","_links_to_target":""},"categories":[4,1],"tags":[],"views":2459,"_links":{"self":[{"href":"https:\/\/www.brazilianpress.com\/v1\/wp-json\/wp\/v2\/posts\/25021"}],"collection":[{"href":"https:\/\/www.brazilianpress.com\/v1\/wp-json\/wp\/v2\/posts"}],"about":[{"href":"https:\/\/www.brazilianpress.com\/v1\/wp-json\/wp\/v2\/types\/post"}],"author":[{"embeddable":true,"href":"https:\/\/www.brazilianpress.com\/v1\/wp-json\/wp\/v2\/users\/1"}],"replies":[{"embeddable":true,"href":"https:\/\/www.brazilianpress.com\/v1\/wp-json\/wp\/v2\/comments?post=25021"}],"version-history":[{"count":1,"href":"https:\/\/www.brazilianpress.com\/v1\/wp-json\/wp\/v2\/posts\/25021\/revisions"}],"predecessor-version":[{"id":25024,"href":"https:\/\/www.brazilianpress.com\/v1\/wp-json\/wp\/v2\/posts\/25021\/revisions\/25024"}],"wp:featuredmedia":[{"embeddable":true,"href":"https:\/\/www.brazilianpress.com\/v1\/wp-json\/wp\/v2\/media\/25022"}],"wp:attachment":[{"href":"https:\/\/www.brazilianpress.com\/v1\/wp-json\/wp\/v2\/media?parent=25021"}],"wp:term":[{"taxonomy":"category","embeddable":true,"href":"https:\/\/www.brazilianpress.com\/v1\/wp-json\/wp\/v2\/categories?post=25021"},{"taxonomy":"post_tag","embeddable":true,"href":"https:\/\/www.brazilianpress.com\/v1\/wp-json\/wp\/v2\/tags?post=25021"}],"curies":[{"name":"wp","href":"https:\/\/api.w.org\/{rel}","templated":true}]}}