{"id":2505,"date":"2013-08-22T09:29:26","date_gmt":"2013-08-22T13:29:26","guid":{"rendered":"http:\/\/www.brazilianpress.com\/v1\/?p=2505"},"modified":"2013-08-22T09:29:26","modified_gmt":"2013-08-22T13:29:26","slug":"ministro-do-trabalho-admite-reducao-no-numero-de-empregos-em-julho","status":"publish","type":"post","link":"https:\/\/www.brazilianpress.com\/v1\/2013\/08\/22\/ministro-do-trabalho-admite-reducao-no-numero-de-empregos-em-julho\/","title":{"rendered":"Ministro do Trabalho admite redu\u00e7\u00e3o no n\u00famero de empregos em julho"},"content":{"rendered":"<p>O ministro do Trabalho, Manoel Dias, anunciar\u00e1 na tarde da quarta-feira (21), os n\u00fameros do Cadastro Geral de Empregados e Desempregados (Caged), que v\u00e3o apontar redu\u00e7\u00e3o no ritmo do crescimento do emprego em julho frente a junho.<\/p>\n<p><img class=\"alignnone size-full wp-image-2501\" alt=\"brasil carteira de trabalho\" src=\"http:\/\/www.brazilianpress.com\/v1\/wp-content\/uploads\/2013\/08\/brasil-carteira-de-trabalho.jpg\" width=\"500\" srcset=\"https:\/\/www.brazilianpress.com\/v1\/wp-content\/uploads\/2013\/08\/brasil-carteira-de-trabalho.jpg 652w, https:\/\/www.brazilianpress.com\/v1\/wp-content\/uploads\/2013\/08\/brasil-carteira-de-trabalho-300x187.jpg 300w\" sizes=\"(max-width: 652px) 100vw, 652px\" \/><\/p>\n<p>&#8220;Cresceu menos em rela\u00e7\u00e3o ao m\u00eas anterior&#8221;, disse o ministro a jornalistas nesta ter\u00e7a (20), ao deixar a Confedera\u00e7\u00e3o Nacional da Ind\u00fastria (CNI), onde participou do semin\u00e1rio que comemorou os 70 anos de cria\u00e7\u00e3o da Consolida\u00e7\u00e3o das Leis do Trabalho (CLT). Em junho, o Pa\u00eds criou 123,8 mil empregos com carteira assinada.<\/p>\n<p><!--more-->Os n\u00fameros ser\u00e3o repassados \u00e0 presidente Dilma Rousseff antes do an\u00fancio. O governo est\u00e1 preocupado com os \u00edndices da economia dos \u00faltimos dias, que t\u00eam gerado redu\u00e7\u00e3o na confian\u00e7a no Pa\u00eds, agravados pela press\u00e3o de alta no c\u00e2mbio. H\u00e1 temor de que o aumento do d\u00f3lar possa ter impacto na infla\u00e7\u00e3o.<\/p>\n<p>Os dados ir\u00e3o mostrar perda de f\u00f4lego no crescimento do n\u00famero de carteiras assinadas \u2014uma das principais bandeiras do Planalto para mostrar o vigor de medidas anunciadas pelo governo.<\/p>\n<p>Segundo o Minist\u00e9rio do Trabalho, no primeiro semestre, foram criados 826.168 postos de trabalho contra 1,359 milh\u00e3o nos primeiros seis meses de 2012, uma retra\u00e7\u00e3o consider\u00e1vel. Se a tend\u00eancia prevalecer, o Planalto certamente tentar\u00e1 medidas para reverter a trajet\u00f3ria que pode ter impacto pol\u00edtico nas urnas em 2014.<\/p>\n","protected":false},"excerpt":{"rendered":"<p>O ministro do Trabalho, Manoel Dias, anunciar\u00e1 na tarde da quarta-feira (21), os n\u00fameros do Cadastro Geral de Empregados e Desempregados (Caged), que v\u00e3o apontar redu\u00e7\u00e3o no ritmo do crescimento do emprego em julho frente a junho. &#8220;Cresceu menos em rela\u00e7\u00e3o ao m\u00eas anterior&#8221;, disse o ministro a jornalistas nesta ter\u00e7a (20), ao deixar a Confedera\u00e7\u00e3o Nacional da Ind\u00fastria (CNI), onde participou do semin\u00e1rio que comemorou os 70 anos de cria\u00e7\u00e3o da Consolida\u00e7\u00e3o das Leis do Trabalho (CLT). Em junho, o Pa\u00eds criou 123,8 mil empregos com carteira assinada.<\/p>\n","protected":false},"author":1,"featured_media":2501,"comment_status":"open","ping_status":"open","sticky":false,"template":"","format":"standard","meta":{"_links_to":"","_links_to_target":""},"categories":[7,1],"tags":[],"views":2185,"_links":{"self":[{"href":"https:\/\/www.brazilianpress.com\/v1\/wp-json\/wp\/v2\/posts\/2505"}],"collection":[{"href":"https:\/\/www.brazilianpress.com\/v1\/wp-json\/wp\/v2\/posts"}],"about":[{"href":"https:\/\/www.brazilianpress.com\/v1\/wp-json\/wp\/v2\/types\/post"}],"author":[{"embeddable":true,"href":"https:\/\/www.brazilianpress.com\/v1\/wp-json\/wp\/v2\/users\/1"}],"replies":[{"embeddable":true,"href":"https:\/\/www.brazilianpress.com\/v1\/wp-json\/wp\/v2\/comments?post=2505"}],"version-history":[{"count":1,"href":"https:\/\/www.brazilianpress.com\/v1\/wp-json\/wp\/v2\/posts\/2505\/revisions"}],"predecessor-version":[{"id":2506,"href":"https:\/\/www.brazilianpress.com\/v1\/wp-json\/wp\/v2\/posts\/2505\/revisions\/2506"}],"wp:featuredmedia":[{"embeddable":true,"href":"https:\/\/www.brazilianpress.com\/v1\/wp-json\/wp\/v2\/media\/2501"}],"wp:attachment":[{"href":"https:\/\/www.brazilianpress.com\/v1\/wp-json\/wp\/v2\/media?parent=2505"}],"wp:term":[{"taxonomy":"category","embeddable":true,"href":"https:\/\/www.brazilianpress.com\/v1\/wp-json\/wp\/v2\/categories?post=2505"},{"taxonomy":"post_tag","embeddable":true,"href":"https:\/\/www.brazilianpress.com\/v1\/wp-json\/wp\/v2\/tags?post=2505"}],"curies":[{"name":"wp","href":"https:\/\/api.w.org\/{rel}","templated":true}]}}