{"id":2507,"date":"2013-08-22T09:31:38","date_gmt":"2013-08-22T13:31:38","guid":{"rendered":"http:\/\/www.brazilianpress.com\/v1\/?p=2507"},"modified":"2013-08-22T10:05:55","modified_gmt":"2013-08-22T14:05:55","slug":"anvisa-proibe-distribuicao-de-lote-do-ketchup-com-pelo-de-rato","status":"publish","type":"post","link":"https:\/\/www.brazilianpress.com\/v1\/2013\/08\/22\/anvisa-proibe-distribuicao-de-lote-do-ketchup-com-pelo-de-rato\/","title":{"rendered":"Anvisa pro\u00edbe distribui\u00e7\u00e3o de lote do ketchup com pelo de Rato"},"content":{"rendered":"<p style=\"text-align: left;\" align=\"center\">A Ag\u00eancia Nacional de Vigil\u00e2ncia Sanit\u00e1ria (Anvisa) proibiu a distribui\u00e7\u00e3o e a comercializa\u00e7\u00e3o, em todo o territ\u00f3rio nacional, do lote 2K04 do produto Tomato Ketchup, da marca Heinz, com prazo de validade at\u00e9 janeiro de 2014. A decis\u00e3o, publicada na edi\u00e7\u00e3o desta ter\u00e7a-feira (20) do Di\u00e1rio Oficial da Uni\u00e3o. A apreens\u00e3o ocorreu por terem sido encontrados fragmentos de pelo de roedor no produto.<\/p>\n<p style=\"text-align: left;\" align=\"center\"><img loading=\"lazy\" class=\"alignnone size-full wp-image-2502\" alt=\"ketchup heinz\" src=\"http:\/\/www.brazilianpress.com\/v1\/wp-content\/uploads\/2013\/08\/ketchup-heinz.jpg\" width=\"500\" height=\"334\" srcset=\"https:\/\/www.brazilianpress.com\/v1\/wp-content\/uploads\/2013\/08\/ketchup-heinz.jpg 500w, https:\/\/www.brazilianpress.com\/v1\/wp-content\/uploads\/2013\/08\/ketchup-heinz-300x200.jpg 300w\" sizes=\"(max-width: 500px) 100vw, 500px\" \/><\/p>\n<p style=\"text-align: left;\">De acordo com o documento, para determinar a proibi\u00e7\u00e3o, a Anvisa considerou, entre outros documentos, o Laudo de An\u00e1lise Fiscal emitido pelo Instituto\u00a0Adolfo\u00a0Lutz de Santo Andr\u00e9 VIII, cujo resultado foi insatisfat\u00f3rio por detectar os fragmentos na amostra analisada.<\/p>\n<p style=\"text-align: left;\"><!--more-->A resolu\u00e7\u00e3o tamb\u00e9m levou em conta o comunicado do centro de vigil\u00e2ncia sanit\u00e1ria de S\u00e3o Paulo que suspendeu a comercializa\u00e7\u00e3o no Estado, determinou a interdi\u00e7\u00e3o das unidades o que forem encontradas e o recolhimento pela empresa Coniexpress S\/A Ind\u00fastrias Aliment\u00edcios, que \u00e9 a importadora do lote do produto.<\/p>\n<p style=\"text-align: left;\">Em nota, a Heinz Brasil, informou que &#8220;o lote com numera\u00e7\u00e3o 2K04, importado do M\u00e9xico em 2012, j\u00e1 n\u00e3o est\u00e1 em circula\u00e7\u00e3o no mercado&#8221;.<\/p>\n<p style=\"text-align: left;\">A empresa ainda afirma que &#8220;todos os produtos da Heinz s\u00e3o fabricados com o mais alto padr\u00e3o de qualidade, seguem as normas sanit\u00e1rias internacionais e passam por rigorosos controles de produ\u00e7\u00e3o e qualidade, atestados pela fiscaliza\u00e7\u00e3o dos \u00f3rg\u00e3os competentes.&#8221; A companhia ainda informou que colabora com a Ag\u00eancia Nacional de Vigil\u00e2ncia Santi\u00e1ria para identificar alguma suposta desconformidade nesse lote espec\u00edfico.<\/p>\n<p style=\"text-align: left;\"><b>Procon-SP<\/b><\/p>\n<p style=\"text-align: left;\">A Funda\u00e7\u00e3o Procon-SP, \u00f3rg\u00e3o vinculado \u00e0 Secretaria da Justi\u00e7a e da Defesa da Cidadania, notifiou a Heinz Brasil para que preste mais esclarecimentos sobre o recolhimento do produto. Dentre outras informa\u00e7\u00f5es, a empresa deve descrever a natureza do defeito e dos pot\u00eancias ricos que oferece \u00e0 sa\u00fade e seguran\u00e7a dos consumidores, assim como os procedimentos adotados junto aos mesmos para repara\u00e7\u00e3o do defeito.<\/p>\n<p style=\"text-align: left;\">O Procon-SP esclarece que o consumidor que tiver a nota fiscal poder\u00e1 trocar o produto, ou ser ressarcido \u2013 com a devolu\u00e7\u00e3o do valor pago \u2013 no local da compra. Caso n\u00e3o tenha a nota fiscal, o consumidor deve entrar em contato com o fabricante.<\/p>\n<p style=\"text-align: left;\"><b>O que diz a lei<\/b><\/p>\n<p style=\"text-align: left;\">O C\u00f3digo de Defesa do Consumidor, em seu artigo 10, estabelece que: \u201cO fornecedor n\u00e3o poder\u00e1 colocar no mercadode consumo produto ou servi\u00e7o que sabe ou deveria saber apresentar alto grau de nocividade ou periculosidade \u00e0sa\u00fade ou seguran\u00e7a.<\/p>\n<p style=\"text-align: left;\">\u00a7 1\u00ba O fornecedor de produtos e servi\u00e7os que, posteriormente \u00e0 sua introdu\u00e7\u00e3o no mercado de consumo, tiverconhecimento da periculosidade que apresentem, dever\u00e1 comunicar o fato imediatamente \u00e0s autoridadescompetentes e aos consumidores, mediante an\u00fancios publicit\u00e1rios&#8221;.<\/p>\n<p style=\"text-align: left;\">Os consumidores que j\u00e1 passaram por algum acidente causado pelo defeito apontado poder\u00e3o solicitar, por meio doJudici\u00e1rio, repara\u00e7\u00e3o por danos morais e patrimoniais, eventualmente sofridos.<\/p>\n","protected":false},"excerpt":{"rendered":"<p>A Ag\u00eancia Nacional de Vigil\u00e2ncia Sanit\u00e1ria (Anvisa) proibiu a distribui\u00e7\u00e3o e a comercializa\u00e7\u00e3o, em todo o territ\u00f3rio nacional, do lote 2K04 do produto Tomato Ketchup, da marca Heinz, com prazo de validade at\u00e9 janeiro de 2014. A decis\u00e3o, publicada na edi\u00e7\u00e3o desta ter\u00e7a-feira (20) do Di\u00e1rio Oficial da Uni\u00e3o. A apreens\u00e3o ocorreu por terem sido encontrados fragmentos de pelo de roedor no produto. De acordo com o documento, para determinar a proibi\u00e7\u00e3o, a Anvisa considerou, entre outros documentos, o Laudo de An\u00e1lise Fiscal emitido pelo Instituto\u00a0Adolfo\u00a0Lutz de Santo Andr\u00e9 VIII, cujo resultado foi insatisfat\u00f3rio por detectar os fragmentos na amostra [&hellip;]<\/p>\n","protected":false},"author":1,"featured_media":2502,"comment_status":"open","ping_status":"open","sticky":false,"template":"","format":"standard","meta":{"_links_to":"","_links_to_target":""},"categories":[7,1],"tags":[],"views":2837,"_links":{"self":[{"href":"https:\/\/www.brazilianpress.com\/v1\/wp-json\/wp\/v2\/posts\/2507"}],"collection":[{"href":"https:\/\/www.brazilianpress.com\/v1\/wp-json\/wp\/v2\/posts"}],"about":[{"href":"https:\/\/www.brazilianpress.com\/v1\/wp-json\/wp\/v2\/types\/post"}],"author":[{"embeddable":true,"href":"https:\/\/www.brazilianpress.com\/v1\/wp-json\/wp\/v2\/users\/1"}],"replies":[{"embeddable":true,"href":"https:\/\/www.brazilianpress.com\/v1\/wp-json\/wp\/v2\/comments?post=2507"}],"version-history":[{"count":3,"href":"https:\/\/www.brazilianpress.com\/v1\/wp-json\/wp\/v2\/posts\/2507\/revisions"}],"predecessor-version":[{"id":2510,"href":"https:\/\/www.brazilianpress.com\/v1\/wp-json\/wp\/v2\/posts\/2507\/revisions\/2510"}],"wp:featuredmedia":[{"embeddable":true,"href":"https:\/\/www.brazilianpress.com\/v1\/wp-json\/wp\/v2\/media\/2502"}],"wp:attachment":[{"href":"https:\/\/www.brazilianpress.com\/v1\/wp-json\/wp\/v2\/media?parent=2507"}],"wp:term":[{"taxonomy":"category","embeddable":true,"href":"https:\/\/www.brazilianpress.com\/v1\/wp-json\/wp\/v2\/categories?post=2507"},{"taxonomy":"post_tag","embeddable":true,"href":"https:\/\/www.brazilianpress.com\/v1\/wp-json\/wp\/v2\/tags?post=2507"}],"curies":[{"name":"wp","href":"https:\/\/api.w.org\/{rel}","templated":true}]}}