{"id":2515,"date":"2013-08-22T09:48:19","date_gmt":"2013-08-22T13:48:19","guid":{"rendered":"http:\/\/www.brazilianpress.com\/v1\/?p=2515"},"modified":"2013-08-22T10:06:35","modified_gmt":"2013-08-22T14:06:35","slug":"suspeito-abre-fogo-dentro-de-escola-nos-eua","status":"publish","type":"post","link":"https:\/\/www.brazilianpress.com\/v1\/2013\/08\/22\/suspeito-abre-fogo-dentro-de-escola-nos-eua\/","title":{"rendered":"Suspeito abre fogo dentro de escola nos EUA"},"content":{"rendered":"<p>Um suspeito de apenas 19 anos de idade, armado abriu fogo dentro de um pr\u00e9dio de uma escola de ensino fundamental na cidade de Decatur, pr\u00f3xima a Atlanta, capital do estado da Ge\u00f3rgia, na manh\u00e3 desta ter\u00e7a-feira. De acordo com a r\u00e1dio local WSB, o homem estava armado com um fuzil AK-47. Testemunhas afirmam que escutaram mais de 30 tiros, mas todas as crian\u00e7as foram retiradas do pr\u00e9dio e ningu\u00e9m ficou ferido.<!--more--><\/p>\n<p><img loading=\"lazy\" class=\"alignnone size-full wp-image-2513\" alt=\"policia atirador escola eua\" src=\"http:\/\/www.brazilianpress.com\/v1\/wp-content\/uploads\/2013\/08\/policia-atirador-escola-eua.jpg\" width=\"500\" height=\"375\" srcset=\"https:\/\/www.brazilianpress.com\/v1\/wp-content\/uploads\/2013\/08\/policia-atirador-escola-eua.jpg 500w, https:\/\/www.brazilianpress.com\/v1\/wp-content\/uploads\/2013\/08\/policia-atirador-escola-eua-300x225.jpg 300w\" sizes=\"(max-width: 500px) 100vw, 500px\" \/><\/p>\n<p>O atirador foi descrito como um jovem branco de 25 anos de idade que entrou na institui\u00e7\u00e3o e primeiro conversou com um funcion\u00e1rio. Segundo a WSB, ele usava uma roupa toda preta e se rendeu pacificamente com a chegada da pol\u00edcia.<\/p>\n<p>Michael Thurmond, superintendente das escolas do condado de DeKalb, onde fica Decatur, informou que autoridades j\u00e1 prenderam um suspeito. Ele teria realizado os disparos dentro do edif\u00edcio que abriga crian\u00e7as do pr\u00e9-escolar at\u00e9 a quinta s\u00e9rie.<\/p>\n<p>Ainda n\u00e3o se sabe a motiva\u00e7\u00e3o do atirador, que ser\u00e1 interrogado. As crian\u00e7as foram dividas em grupos e depois levadas a um supermercado Wal-Mart pr\u00f3ximo, onde encontraram seus pais e foram liberadas.<\/p>\n","protected":false},"excerpt":{"rendered":"<p>Um suspeito de apenas 19 anos de idade, armado abriu fogo dentro de um pr\u00e9dio de uma escola de ensino fundamental na cidade de Decatur, pr\u00f3xima a Atlanta, capital do estado da Ge\u00f3rgia, na manh\u00e3 desta ter\u00e7a-feira. De acordo com a r\u00e1dio local WSB, o homem estava armado com um fuzil AK-47. Testemunhas afirmam que escutaram mais de 30 tiros, mas todas as crian\u00e7as foram retiradas do pr\u00e9dio e ningu\u00e9m ficou ferido.<\/p>\n","protected":false},"author":1,"featured_media":2513,"comment_status":"open","ping_status":"open","sticky":false,"template":"","format":"standard","meta":{"_links_to":"","_links_to_target":""},"categories":[1,10],"tags":[],"views":2370,"_links":{"self":[{"href":"https:\/\/www.brazilianpress.com\/v1\/wp-json\/wp\/v2\/posts\/2515"}],"collection":[{"href":"https:\/\/www.brazilianpress.com\/v1\/wp-json\/wp\/v2\/posts"}],"about":[{"href":"https:\/\/www.brazilianpress.com\/v1\/wp-json\/wp\/v2\/types\/post"}],"author":[{"embeddable":true,"href":"https:\/\/www.brazilianpress.com\/v1\/wp-json\/wp\/v2\/users\/1"}],"replies":[{"embeddable":true,"href":"https:\/\/www.brazilianpress.com\/v1\/wp-json\/wp\/v2\/comments?post=2515"}],"version-history":[{"count":3,"href":"https:\/\/www.brazilianpress.com\/v1\/wp-json\/wp\/v2\/posts\/2515\/revisions"}],"predecessor-version":[{"id":2518,"href":"https:\/\/www.brazilianpress.com\/v1\/wp-json\/wp\/v2\/posts\/2515\/revisions\/2518"}],"wp:featuredmedia":[{"embeddable":true,"href":"https:\/\/www.brazilianpress.com\/v1\/wp-json\/wp\/v2\/media\/2513"}],"wp:attachment":[{"href":"https:\/\/www.brazilianpress.com\/v1\/wp-json\/wp\/v2\/media?parent=2515"}],"wp:term":[{"taxonomy":"category","embeddable":true,"href":"https:\/\/www.brazilianpress.com\/v1\/wp-json\/wp\/v2\/categories?post=2515"},{"taxonomy":"post_tag","embeddable":true,"href":"https:\/\/www.brazilianpress.com\/v1\/wp-json\/wp\/v2\/tags?post=2515"}],"curies":[{"name":"wp","href":"https:\/\/api.w.org\/{rel}","templated":true}]}}