{"id":25178,"date":"2016-10-13T09:43:01","date_gmt":"2016-10-13T13:43:01","guid":{"rendered":"http:\/\/www.brazilianpress.com\/v1\/?p=25178"},"modified":"2016-10-20T09:05:14","modified_gmt":"2016-10-20T13:05:14","slug":"social-press-13102016","status":"publish","type":"post","link":"https:\/\/www.brazilianpress.com\/v1\/2016\/10\/13\/social-press-13102016\/","title":{"rendered":"Social Press . 13\/10\/2016"},"content":{"rendered":"<p><strong><em><img loading=\"lazy\" class=\"alignnone size-full wp-image-25166\" src=\"http:\/\/www.brazilianpress.com\/v1\/wp-content\/uploads\/2016\/10\/social-press-1805-20161013-1.jpg\" alt=\"social-press-1805-20161013-1\" width=\"450\" height=\"373\" srcset=\"https:\/\/www.brazilianpress.com\/v1\/wp-content\/uploads\/2016\/10\/social-press-1805-20161013-1.jpg 450w, https:\/\/www.brazilianpress.com\/v1\/wp-content\/uploads\/2016\/10\/social-press-1805-20161013-1-300x249.jpg 300w\" sizes=\"(max-width: 450px) 100vw, 450px\" \/><br \/>\nA fam\u00edlia Boi na Brasa comemorando a maturidade de Kalani, parab\u00e9ns Kalani e os pais Farid e Thais por mais esta vit\u00f3ria!<\/em><\/strong><\/p>\n<p><strong><em><img loading=\"lazy\" class=\"alignnone size-full wp-image-25168\" src=\"http:\/\/www.brazilianpress.com\/v1\/wp-content\/uploads\/2016\/10\/social-press-1805-20161013-3.jpg\" alt=\"social-press-1805-20161013-3\" width=\"450\" height=\"300\" srcset=\"https:\/\/www.brazilianpress.com\/v1\/wp-content\/uploads\/2016\/10\/social-press-1805-20161013-3.jpg 450w, https:\/\/www.brazilianpress.com\/v1\/wp-content\/uploads\/2016\/10\/social-press-1805-20161013-3-300x200.jpg 300w\" sizes=\"(max-width: 450px) 100vw, 450px\" \/><br \/>\nO casal Caroline Lemos e Januario Budniak est\u00e3o vivendo momentos maravilhosos no casamento e aproveitaram f\u00e9rias na Fl\u00f3rida.<!--more--><\/em><\/strong><\/p>\n<p><strong><em><img loading=\"lazy\" class=\"alignnone size-full wp-image-25169\" src=\"http:\/\/www.brazilianpress.com\/v1\/wp-content\/uploads\/2016\/10\/social-press-1805-20161013-4.jpg\" alt=\"social-press-1805-20161013-4\" width=\"400\" height=\"533\" srcset=\"https:\/\/www.brazilianpress.com\/v1\/wp-content\/uploads\/2016\/10\/social-press-1805-20161013-4.jpg 400w, https:\/\/www.brazilianpress.com\/v1\/wp-content\/uploads\/2016\/10\/social-press-1805-20161013-4-225x300.jpg 225w\" sizes=\"(max-width: 400px) 100vw, 400px\" \/><br \/>\nGrande Abra\u00e7o as queridas irm\u00e3s em Cristo, Raquel Mujol e Rute Martins, celebraram juntas mais uma Primavera em Newark.<\/em><\/strong><\/p>\n<p><strong><em><img loading=\"lazy\" class=\"alignnone size-full wp-image-25170\" src=\"http:\/\/www.brazilianpress.com\/v1\/wp-content\/uploads\/2016\/10\/social-press-1805-20161013-5.jpg\" alt=\"social-press-1805-20161013-5\" width=\"450\" height=\"299\" srcset=\"https:\/\/www.brazilianpress.com\/v1\/wp-content\/uploads\/2016\/10\/social-press-1805-20161013-5.jpg 450w, https:\/\/www.brazilianpress.com\/v1\/wp-content\/uploads\/2016\/10\/social-press-1805-20161013-5-300x199.jpg 300w\" sizes=\"(max-width: 450px) 100vw, 450px\" \/><br \/>\nO casal Silmara e Alejandro Martinez est\u00e3o festejando o aben\u00e7oado Presente de Deus chamado baby Benjamin. Que as ben\u00e7\u00e3os do Senhor estejam com essa fam\u00edlia linda!<\/em><\/strong><\/p>\n<p><strong><em><img loading=\"lazy\" class=\"alignnone size-full wp-image-25171\" src=\"http:\/\/www.brazilianpress.com\/v1\/wp-content\/uploads\/2016\/10\/social-press-1805-20161013-6.jpg\" alt=\"social-press-1805-20161013-6\" width=\"400\" height=\"500\" srcset=\"https:\/\/www.brazilianpress.com\/v1\/wp-content\/uploads\/2016\/10\/social-press-1805-20161013-6.jpg 400w, https:\/\/www.brazilianpress.com\/v1\/wp-content\/uploads\/2016\/10\/social-press-1805-20161013-6-240x300.jpg 240w\" sizes=\"(max-width: 400px) 100vw, 400px\" \/><br \/>\nNossos desejos de Happy Birthday a princesinha Valentina, filha do casal Alan e Viviane Lisboa, que completou o primeiro aninho. Fofura demais!<\/em><\/strong><\/p>\n<p><strong><em><img loading=\"lazy\" class=\"alignnone size-full wp-image-25172\" src=\"http:\/\/www.brazilianpress.com\/v1\/wp-content\/uploads\/2016\/10\/social-press-1805-20161013-7.jpg\" alt=\"social-press-1805-20161013-7\" width=\"450\" height=\"338\" srcset=\"https:\/\/www.brazilianpress.com\/v1\/wp-content\/uploads\/2016\/10\/social-press-1805-20161013-7.jpg 450w, https:\/\/www.brazilianpress.com\/v1\/wp-content\/uploads\/2016\/10\/social-press-1805-20161013-7-300x225.jpg 300w\" sizes=\"(max-width: 450px) 100vw, 450px\" \/><br \/>\nA atriz Eddie Falco (Nurse Jackie) em pose exclusiva para o Press, durante celebra\u00e7\u00f5es do New York Film Festival no Lincoln Center.<\/em><\/strong><\/p>\n<p><strong><em><img loading=\"lazy\" class=\"alignnone size-full wp-image-25173\" src=\"http:\/\/www.brazilianpress.com\/v1\/wp-content\/uploads\/2016\/10\/social-press-1805-20161013-8.jpg\" alt=\"social-press-1805-20161013-8\" width=\"400\" height=\"411\" srcset=\"https:\/\/www.brazilianpress.com\/v1\/wp-content\/uploads\/2016\/10\/social-press-1805-20161013-8.jpg 400w, https:\/\/www.brazilianpress.com\/v1\/wp-content\/uploads\/2016\/10\/social-press-1805-20161013-8-292x300.jpg 292w\" sizes=\"(max-width: 400px) 100vw, 400px\" \/><br \/>\nO casal Junior e Wanda no comando do Restaurante Casa Brazil, em Hillside vale a pena conferir.<\/em><\/strong><\/p>\n<p><strong><em><img loading=\"lazy\" class=\"alignnone size-full wp-image-25174\" src=\"http:\/\/www.brazilianpress.com\/v1\/wp-content\/uploads\/2016\/10\/social-press-1805-20161013-9.jpg\" alt=\"social-press-1805-20161013-9\" width=\"400\" height=\"454\" srcset=\"https:\/\/www.brazilianpress.com\/v1\/wp-content\/uploads\/2016\/10\/social-press-1805-20161013-9.jpg 400w, https:\/\/www.brazilianpress.com\/v1\/wp-content\/uploads\/2016\/10\/social-press-1805-20161013-9-264x300.jpg 264w\" sizes=\"(max-width: 400px) 100vw, 400px\" \/><br \/>\nParab\u00e9ns ao mais novo casal de Newark, Mary e Mario para os \u00edntimos, M &amp; M !<\/em><\/strong><\/p>\n<p><strong><em><img loading=\"lazy\" class=\"alignnone size-full wp-image-25175\" src=\"http:\/\/www.brazilianpress.com\/v1\/wp-content\/uploads\/2016\/10\/social-press-1805-20161013-10.jpg\" alt=\"social-press-1805-20161013-10\" width=\"450\" height=\"338\" srcset=\"https:\/\/www.brazilianpress.com\/v1\/wp-content\/uploads\/2016\/10\/social-press-1805-20161013-10.jpg 450w, https:\/\/www.brazilianpress.com\/v1\/wp-content\/uploads\/2016\/10\/social-press-1805-20161013-10-300x225.jpg 300w\" sizes=\"(max-width: 450px) 100vw, 450px\" \/><br \/>\nHappy Birthday Gustav\u00e3o, voc\u00ea \u00e9 um homem aben\u00e7oado um var\u00e3o e 4 rainhas, parab\u00e9ns e muitos anos de vida!<\/em><\/strong><\/p>\n<p><strong><em><img loading=\"lazy\" class=\"alignnone size-full wp-image-25167\" src=\"http:\/\/www.brazilianpress.com\/v1\/wp-content\/uploads\/2016\/10\/social-press-1805-20161013-2.jpg\" alt=\"social-press-1805-20161013-2\" width=\"450\" height=\"373\" srcset=\"https:\/\/www.brazilianpress.com\/v1\/wp-content\/uploads\/2016\/10\/social-press-1805-20161013-2.jpg 450w, https:\/\/www.brazilianpress.com\/v1\/wp-content\/uploads\/2016\/10\/social-press-1805-20161013-2-300x249.jpg 300w\" sizes=\"(max-width: 450px) 100vw, 450px\" \/><br \/>\nNo dia da crian\u00e7as ele resolveu relembrar o passado, um forte abra\u00e7o ao casal jo\u00e3o (Supeman) e Ana Cristina.<\/em><\/strong><\/p>\n","protected":false},"excerpt":{"rendered":"<p>A fam\u00edlia Boi na Brasa comemorando a maturidade de Kalani, parab\u00e9ns Kalani e os pais Farid e Thais por mais esta vit\u00f3ria! O casal Caroline Lemos e Januario Budniak est\u00e3o vivendo momentos maravilhosos no casamento e aproveitaram f\u00e9rias na Fl\u00f3rida.<\/p>\n","protected":false},"author":1,"featured_media":25166,"comment_status":"open","ping_status":"open","sticky":false,"template":"","format":"standard","meta":{"_links_to":"","_links_to_target":""},"categories":[4,1,6],"tags":[],"views":2838,"_links":{"self":[{"href":"https:\/\/www.brazilianpress.com\/v1\/wp-json\/wp\/v2\/posts\/25178"}],"collection":[{"href":"https:\/\/www.brazilianpress.com\/v1\/wp-json\/wp\/v2\/posts"}],"about":[{"href":"https:\/\/www.brazilianpress.com\/v1\/wp-json\/wp\/v2\/types\/post"}],"author":[{"embeddable":true,"href":"https:\/\/www.brazilianpress.com\/v1\/wp-json\/wp\/v2\/users\/1"}],"replies":[{"embeddable":true,"href":"https:\/\/www.brazilianpress.com\/v1\/wp-json\/wp\/v2\/comments?post=25178"}],"version-history":[{"count":1,"href":"https:\/\/www.brazilianpress.com\/v1\/wp-json\/wp\/v2\/posts\/25178\/revisions"}],"predecessor-version":[{"id":25179,"href":"https:\/\/www.brazilianpress.com\/v1\/wp-json\/wp\/v2\/posts\/25178\/revisions\/25179"}],"wp:featuredmedia":[{"embeddable":true,"href":"https:\/\/www.brazilianpress.com\/v1\/wp-json\/wp\/v2\/media\/25166"}],"wp:attachment":[{"href":"https:\/\/www.brazilianpress.com\/v1\/wp-json\/wp\/v2\/media?parent=25178"}],"wp:term":[{"taxonomy":"category","embeddable":true,"href":"https:\/\/www.brazilianpress.com\/v1\/wp-json\/wp\/v2\/categories?post=25178"},{"taxonomy":"post_tag","embeddable":true,"href":"https:\/\/www.brazilianpress.com\/v1\/wp-json\/wp\/v2\/tags?post=25178"}],"curies":[{"name":"wp","href":"https:\/\/api.w.org\/{rel}","templated":true}]}}