{"id":25188,"date":"2016-10-13T13:59:44","date_gmt":"2016-10-13T17:59:44","guid":{"rendered":"http:\/\/www.brazilianpress.com\/v1\/?p=25188"},"modified":"2016-10-13T13:59:44","modified_gmt":"2016-10-13T17:59:44","slug":"lea-campos-time-que-esta-ganhando-nao-se-mexe","status":"publish","type":"post","link":"https:\/\/www.brazilianpress.com\/v1\/2016\/10\/13\/lea-campos-time-que-esta-ganhando-nao-se-mexe\/","title":{"rendered":"Lea Campos: Time que est\u00e1 ganhando n\u00e3o se mexe"},"content":{"rendered":"<p><img loading=\"lazy\" class=\"alignright size-full wp-image-25189\" src=\"http:\/\/www.brazilianpress.com\/v1\/wp-content\/uploads\/2016\/10\/lea-copa-libertadores.jpg\" alt=\"lea-copa-libertadores\" width=\"300\" height=\"169\" \/>Diz o ditado futebol\u00edstico, que em time que est\u00e1 ganhando n\u00e3o se mexe.<\/p>\n<p>Mas a\u00a0Conmebol parece desconhecer esta regra. No final de setembro foram anunciadas algumas modifica\u00e7\u00f5es para a pr\u00f3xima Libertadores da Am\u00e9rica.<!--more--><\/p>\n<p>Falou-se da amplia\u00e7\u00e3o de participantes, inicialmente de 38 para 42, agora disseram que a edi\u00e7\u00e3o 2017 ter\u00e1 44 clubes.<\/p>\n<p>Mudaram tamb\u00e9m os crit\u00e9rios, (pelo menos por enquanto), da final ser realizada em est\u00e1dio neutro, como ocorre no Eurocopa.<\/p>\n<p>Se n\u00e3o mudarem de postura novamente, Brasil ter\u00e1 mais dois participantes, atualmente s\u00e3o cinco, enquanto Col\u00f4mbia, Argentina e Chile ter\u00e3o uma equipe a mais.<\/p>\n<p>A sexta vaga adicionada ser\u00e1 destinada ao vencedor da Copa Sul Americana, que ter\u00e1 o passe direto.<\/p>\n<p>Outra mudan\u00e7a, que havia gerado controv\u00e9rsia, se refere ao jogo final ser \u00fanico e jogado em campo neutro, n\u00e3o ser\u00e1 colocado em pr\u00e1tica pelo menos por enquanto.<\/p>\n<p>Ser\u00e3o jogadas duas partidas uma em cada campo para determinar o campe\u00e3o, com tem sido at\u00e9 agora.<\/p>\n<p>Entretanto, o presidente da Conmebol, Alejandro Dominguez, n\u00e3o descarta a adequa\u00e7\u00e3o para que o t\u00edtulo seja disputado em jogo \u00fanico e em local neutro. Pelo menos foi o que ficou resolvido na reuni\u00e3o da entidade ocorrida na Col\u00f4mbia, dias depois de haver anunciado as mudan\u00e7as mencionadas.<\/p>\n<p>J\u00e1 demos nossa opini\u00e3o sobre o jogo em campo neutro e a dificuldade de locomo\u00e7\u00e3o n\u00e3o somente para o Brasil como tamb\u00e9m para outros participantes.<\/p>\n<p>Europa oferece um sistema de locomo\u00e7\u00e3o que n\u00e3o temos na Am\u00e9rica do Sul.<\/p>\n<p>Em 2017 teremos 150 jogos, 12 a mais do que em 2016.<\/p>\n<p>Ainda h\u00e1 muitas d\u00favidas sobre o que a Conmebol realmente pretende, e esperamos que n\u00e3o deixe sem gra\u00e7a esta competi\u00e7\u00e3o, que sinceramente n\u00e3o tem muitos atrativos.<\/p>\n<p>Mudan\u00e7a \u00e9 bom sempre e quando n\u00e3o tira o entusiasmo do torcedor que finalmente \u00e9 a alma de toda competi\u00e7\u00e3o.<\/p>\n<p>A mudan\u00e7a nas eliminat\u00f3rias para o mundial de futebol, por exemplo, perdeu em muito o interesse, pois numa competi\u00e7\u00e3o feita em dois anos desanima muito o torcedor.<\/p>\n<p>Como era antigamente, um m\u00eas ou um pouco mais era mais atrativo que o sistema atual.<\/p>\n<p>Se um jogador se machuca tem quase um ano para se recuperar o que \u00e9 bom para a equipe \u00e0 qual pertence, mas prejudica o advers\u00e1rio que sempre conta com o desfalque do contra-atacante.<\/p>\n<p>Ficou sem gra\u00e7a a eliminat\u00f3ria e esperamos que n\u00e3o ocorra o mesmo com a Libertadores, uma competi\u00e7\u00e3o t\u00e3o longa mata em muito o desejo de acompanhar a mesma.<\/p>\n<p>&nbsp;<\/p>\n<p><strong><em>Informar \u00e9 um privil\u00e9gio, informar corretamente uma obriga\u00e7\u00e3o.<\/p>\n<p>L\u00e9a Campos<\/em><\/strong><\/p>\n","protected":false},"excerpt":{"rendered":"<p>Diz o ditado futebol\u00edstico, que em time que est\u00e1 ganhando n\u00e3o se mexe. Mas a\u00a0Conmebol parece desconhecer esta regra. No final de setembro foram anunciadas algumas modifica\u00e7\u00f5es para a pr\u00f3xima Libertadores da Am\u00e9rica.<\/p>\n","protected":false},"author":1,"featured_media":25189,"comment_status":"open","ping_status":"open","sticky":false,"template":"","format":"standard","meta":{"_links_to":"","_links_to_target":""},"categories":[15,1],"tags":[],"views":2024,"_links":{"self":[{"href":"https:\/\/www.brazilianpress.com\/v1\/wp-json\/wp\/v2\/posts\/25188"}],"collection":[{"href":"https:\/\/www.brazilianpress.com\/v1\/wp-json\/wp\/v2\/posts"}],"about":[{"href":"https:\/\/www.brazilianpress.com\/v1\/wp-json\/wp\/v2\/types\/post"}],"author":[{"embeddable":true,"href":"https:\/\/www.brazilianpress.com\/v1\/wp-json\/wp\/v2\/users\/1"}],"replies":[{"embeddable":true,"href":"https:\/\/www.brazilianpress.com\/v1\/wp-json\/wp\/v2\/comments?post=25188"}],"version-history":[{"count":1,"href":"https:\/\/www.brazilianpress.com\/v1\/wp-json\/wp\/v2\/posts\/25188\/revisions"}],"predecessor-version":[{"id":25190,"href":"https:\/\/www.brazilianpress.com\/v1\/wp-json\/wp\/v2\/posts\/25188\/revisions\/25190"}],"wp:featuredmedia":[{"embeddable":true,"href":"https:\/\/www.brazilianpress.com\/v1\/wp-json\/wp\/v2\/media\/25189"}],"wp:attachment":[{"href":"https:\/\/www.brazilianpress.com\/v1\/wp-json\/wp\/v2\/media?parent=25188"}],"wp:term":[{"taxonomy":"category","embeddable":true,"href":"https:\/\/www.brazilianpress.com\/v1\/wp-json\/wp\/v2\/categories?post=25188"},{"taxonomy":"post_tag","embeddable":true,"href":"https:\/\/www.brazilianpress.com\/v1\/wp-json\/wp\/v2\/tags?post=25188"}],"curies":[{"name":"wp","href":"https:\/\/api.w.org\/{rel}","templated":true}]}}