{"id":25203,"date":"2016-10-13T14:38:13","date_gmt":"2016-10-13T18:38:13","guid":{"rendered":"http:\/\/www.brazilianpress.com\/v1\/?p=25203"},"modified":"2016-10-20T09:05:21","modified_gmt":"2016-10-20T13:05:21","slug":"luan-e-testado-em-treino-do-atletico-mg-mas-segue-sem-previsao-para-volta","status":"publish","type":"post","link":"https:\/\/www.brazilianpress.com\/v1\/2016\/10\/13\/luan-e-testado-em-treino-do-atletico-mg-mas-segue-sem-previsao-para-volta\/","title":{"rendered":"Luan \u00e9 testado em treino do Atl\u00e9tico-MG, mas segue sem previs\u00e3o para volta"},"content":{"rendered":"<p><img loading=\"lazy\" class=\"alignnone size-full wp-image-25204\" src=\"http:\/\/www.brazilianpress.com\/v1\/wp-content\/uploads\/2016\/10\/luan-atletico-mg.jpg\" alt=\"luan-atletico-mg\" width=\"500\" height=\"300\" srcset=\"https:\/\/www.brazilianpress.com\/v1\/wp-content\/uploads\/2016\/10\/luan-atletico-mg.jpg 500w, https:\/\/www.brazilianpress.com\/v1\/wp-content\/uploads\/2016\/10\/luan-atletico-mg-300x180.jpg 300w\" sizes=\"(max-width: 500px) 100vw, 500px\" \/><\/p>\n<p>A comiss\u00e3o t\u00e9cnica do Atl\u00e9tico-MG pode ter uma boa not\u00edcia em breve. Luan participou de treinamento com bola nesta segunda-feira (10), na Cidade do Galo, e est\u00e1 pr\u00f3ximo de deixar o departamento m\u00e9dico. A utiliza\u00e7\u00e3o do meia-atacante na atividade foi um teste para saber se ele ter\u00e1 condi\u00e7\u00f5es de voltar aos gramados nos pr\u00f3ximos dias.<!--more--><\/p>\n<p>O atleta ainda n\u00e3o foi liberado pelos doutores do clube para iniciar o processo de prepara\u00e7\u00e3o f\u00edsica. Ele segue observado pelos m\u00e9dicos ap\u00f3s sofrer um estiramento no m\u00fasculo posterior da coxa esquerda. O clube n\u00e3o faz previs\u00e3o de retorno do jogador \u00e0s atividades.<\/p>\n<p>A atividade que contou com a presen\u00e7a de Luan foi voltada para a troca de passes. O jogador foi o menos exigido pela comiss\u00e3o t\u00e9cnica por conta da quest\u00e3o f\u00edsica. Ele ainda n\u00e3o est\u00e1 \u00e0 disposi\u00e7\u00e3o para os jogos contra Am\u00e9rica-MG, na quinta-feira (13), e Botafogo, no domingo (16).<\/p>\n<p>A segunda parte da atividade comandada por Marcelo Oliveira foi voltada para situa\u00e7\u00f5es de ataque. O treinador fez algumas jogadas ensaiadas e o meia-atacante foi poupado pela comiss\u00e3o t\u00e9cnica.<\/p>\n","protected":false},"excerpt":{"rendered":"<p>A comiss\u00e3o t\u00e9cnica do Atl\u00e9tico-MG pode ter uma boa not\u00edcia em breve. Luan participou de treinamento com bola nesta segunda-feira (10), na Cidade do Galo, e est\u00e1 pr\u00f3ximo de deixar o departamento m\u00e9dico. A utiliza\u00e7\u00e3o do meia-atacante na atividade foi um teste para saber se ele ter\u00e1 condi\u00e7\u00f5es de voltar aos gramados nos pr\u00f3ximos dias.<\/p>\n","protected":false},"author":1,"featured_media":25204,"comment_status":"open","ping_status":"open","sticky":false,"template":"","format":"standard","meta":{"_links_to":"","_links_to_target":""},"categories":[9,1],"tags":[],"views":1860,"_links":{"self":[{"href":"https:\/\/www.brazilianpress.com\/v1\/wp-json\/wp\/v2\/posts\/25203"}],"collection":[{"href":"https:\/\/www.brazilianpress.com\/v1\/wp-json\/wp\/v2\/posts"}],"about":[{"href":"https:\/\/www.brazilianpress.com\/v1\/wp-json\/wp\/v2\/types\/post"}],"author":[{"embeddable":true,"href":"https:\/\/www.brazilianpress.com\/v1\/wp-json\/wp\/v2\/users\/1"}],"replies":[{"embeddable":true,"href":"https:\/\/www.brazilianpress.com\/v1\/wp-json\/wp\/v2\/comments?post=25203"}],"version-history":[{"count":1,"href":"https:\/\/www.brazilianpress.com\/v1\/wp-json\/wp\/v2\/posts\/25203\/revisions"}],"predecessor-version":[{"id":25205,"href":"https:\/\/www.brazilianpress.com\/v1\/wp-json\/wp\/v2\/posts\/25203\/revisions\/25205"}],"wp:featuredmedia":[{"embeddable":true,"href":"https:\/\/www.brazilianpress.com\/v1\/wp-json\/wp\/v2\/media\/25204"}],"wp:attachment":[{"href":"https:\/\/www.brazilianpress.com\/v1\/wp-json\/wp\/v2\/media?parent=25203"}],"wp:term":[{"taxonomy":"category","embeddable":true,"href":"https:\/\/www.brazilianpress.com\/v1\/wp-json\/wp\/v2\/categories?post=25203"},{"taxonomy":"post_tag","embeddable":true,"href":"https:\/\/www.brazilianpress.com\/v1\/wp-json\/wp\/v2\/tags?post=25203"}],"curies":[{"name":"wp","href":"https:\/\/api.w.org\/{rel}","templated":true}]}}