{"id":25213,"date":"2016-10-13T14:47:19","date_gmt":"2016-10-13T18:47:19","guid":{"rendered":"http:\/\/www.brazilianpress.com\/v1\/?p=25213"},"modified":"2016-10-13T14:47:19","modified_gmt":"2016-10-13T18:47:19","slug":"estacao-de-trem-e-evacuada-por-ameaca-de-bomba-na-alemanha","status":"publish","type":"post","link":"https:\/\/www.brazilianpress.com\/v1\/2016\/10\/13\/estacao-de-trem-e-evacuada-por-ameaca-de-bomba-na-alemanha\/","title":{"rendered":"Esta\u00e7\u00e3o de trem \u00e9 evacuada por amea\u00e7a de bomba na Alemanha"},"content":{"rendered":"<p><img loading=\"lazy\" class=\"alignnone size-full wp-image-25214\" src=\"http:\/\/www.brazilianpress.com\/v1\/wp-content\/uploads\/2016\/10\/policia-alemanha.jpg\" alt=\"Wanted Islamist Jaber al-Bakr arrested in Leipzig, Saxony\" width=\"500\" height=\"334\" srcset=\"https:\/\/www.brazilianpress.com\/v1\/wp-content\/uploads\/2016\/10\/policia-alemanha.jpg 500w, https:\/\/www.brazilianpress.com\/v1\/wp-content\/uploads\/2016\/10\/policia-alemanha-300x200.jpg 300w\" sizes=\"(max-width: 500px) 100vw, 500px\" \/><\/p>\n<p>A esta\u00e7\u00e3o ferrovi\u00e1ria de Rastatt, em Baden-W\u00fcrttemberg, no sul da Alemanha, foi evacuada hoje (11) devido a uma amea\u00e7a de bomba. As informa\u00e7\u00f5es s\u00e3o da ag\u00eancia Ansa.<\/p>\n<p>De acordo com o jornal\u00a0<em>Bild<\/em>, que citou um porta-voz da pol\u00edcia, a passagem de trens foi interrompida e a pra\u00e7a diante da esta\u00e7\u00e3o foi totalmente isolada.<!--more--><\/p>\n<p>O alarme soou por volta das 9h locais e agentes especializados em explosivos foram convocados. Ap\u00f3s tr\u00eas horas de interrup\u00e7\u00e3o, a esta\u00e7\u00e3o reabriu.<\/p>\n<p>Rastatt \u00e9 uma cidade de 47 mil habitantes e o incidente ocorre um dia ap\u00f3s a pol\u00edcia alem\u00e3 prender o s\u00edrio Jaber Albakr, de 22 anos, ligado ao grupo extremista Estado Isl\u00e2mico (EI) e suspeito de planejar um atentado a bomba no pa\u00eds. Ele estava foragido desde o fim de semana, quando escapou de uma opera\u00e7\u00e3o policial em Chemnitz.<\/p>\n","protected":false},"excerpt":{"rendered":"<p>A esta\u00e7\u00e3o ferrovi\u00e1ria de Rastatt, em Baden-W\u00fcrttemberg, no sul da Alemanha, foi evacuada hoje (11) devido a uma amea\u00e7a de bomba. As informa\u00e7\u00f5es s\u00e3o da ag\u00eancia Ansa. De acordo com o jornal\u00a0Bild, que citou um porta-voz da pol\u00edcia, a passagem de trens foi interrompida e a pra\u00e7a diante da esta\u00e7\u00e3o foi totalmente isolada.<\/p>\n","protected":false},"author":1,"featured_media":25214,"comment_status":"open","ping_status":"open","sticky":false,"template":"","format":"standard","meta":{"_links_to":"","_links_to_target":""},"categories":[8,1],"tags":[],"views":1826,"_links":{"self":[{"href":"https:\/\/www.brazilianpress.com\/v1\/wp-json\/wp\/v2\/posts\/25213"}],"collection":[{"href":"https:\/\/www.brazilianpress.com\/v1\/wp-json\/wp\/v2\/posts"}],"about":[{"href":"https:\/\/www.brazilianpress.com\/v1\/wp-json\/wp\/v2\/types\/post"}],"author":[{"embeddable":true,"href":"https:\/\/www.brazilianpress.com\/v1\/wp-json\/wp\/v2\/users\/1"}],"replies":[{"embeddable":true,"href":"https:\/\/www.brazilianpress.com\/v1\/wp-json\/wp\/v2\/comments?post=25213"}],"version-history":[{"count":1,"href":"https:\/\/www.brazilianpress.com\/v1\/wp-json\/wp\/v2\/posts\/25213\/revisions"}],"predecessor-version":[{"id":25215,"href":"https:\/\/www.brazilianpress.com\/v1\/wp-json\/wp\/v2\/posts\/25213\/revisions\/25215"}],"wp:featuredmedia":[{"embeddable":true,"href":"https:\/\/www.brazilianpress.com\/v1\/wp-json\/wp\/v2\/media\/25214"}],"wp:attachment":[{"href":"https:\/\/www.brazilianpress.com\/v1\/wp-json\/wp\/v2\/media?parent=25213"}],"wp:term":[{"taxonomy":"category","embeddable":true,"href":"https:\/\/www.brazilianpress.com\/v1\/wp-json\/wp\/v2\/categories?post=25213"},{"taxonomy":"post_tag","embeddable":true,"href":"https:\/\/www.brazilianpress.com\/v1\/wp-json\/wp\/v2\/tags?post=25213"}],"curies":[{"name":"wp","href":"https:\/\/api.w.org\/{rel}","templated":true}]}}