{"id":25222,"date":"2016-10-13T15:02:49","date_gmt":"2016-10-13T19:02:49","guid":{"rendered":"http:\/\/www.brazilianpress.com\/v1\/?p=25222"},"modified":"2016-10-13T15:11:46","modified_gmt":"2016-10-13T19:11:46","slug":"passageiros-sao-detidos-no-rio-com-trinta-iphones-7-presos-ao-corpo","status":"publish","type":"post","link":"https:\/\/www.brazilianpress.com\/v1\/2016\/10\/13\/passageiros-sao-detidos-no-rio-com-trinta-iphones-7-presos-ao-corpo\/","title":{"rendered":"Passageiros s\u00e3o detidos no Rio com trinta iPhones 7 presos ao corpo"},"content":{"rendered":"<p><img loading=\"lazy\" class=\"alignright size-full wp-image-25223\" src=\"http:\/\/www.brazilianpress.com\/v1\/wp-content\/uploads\/2016\/10\/passageiros-detidos.jpg\" alt=\"passageiros-detidos\" width=\"300\" height=\"146\" \/>Quatro passageiros foram presos em flagrante no Aeroporto Internacional do Gale\u00e3o, no Rio de Janeiro. A Alf\u00e2ndega da Receita Federal apreendeu com eles 30 unidades do iPhone 7 e iPhone 7 Plus \u2013 os aparelhos estavam \u201cocultos e atados ao corpo dos viajantes\u201d.<!--more--><\/p>\n<p>Os quatro indiv\u00edduos foram acusados de descaminho e forma\u00e7\u00e3o de quadrilha. Os iPhones \u2013 avaliados em R$ 100 mil, em diversas cores e \u201ccom alta capacidade de armazenamento\u201d \u2013 foram retidos para aplicar a pena de perdimento, isto \u00e9, para que seus donos\u00a0paguem os impostos devidos.<\/p>\n<p>Este n\u00e3o \u00e9 o primeiro caso de contrabando apreendido do iPhone 7 no Brasil. No final de setembro, um homem foi preso no Aeroporto Internacional do Recife tentando entrar no pa\u00eds com 56 unidades do aparelho escondidas na mala.<\/p>\n<p>E este m\u00eas, um caminhoneiro foi detido pela Pol\u00edcia Rodovi\u00e1ria Federal no Paran\u00e1 ap\u00f3s ser flagrado transportando 1.205 iPhones \u2013 alguns do modelo mais recente \u2013 escondidos dentro do tanque de combust\u00edvel. A carga total tem valor de R$ 1,2 milh\u00e3o.<\/p>\n","protected":false},"excerpt":{"rendered":"<p>Quatro passageiros foram presos em flagrante no Aeroporto Internacional do Gale\u00e3o, no Rio de Janeiro. A Alf\u00e2ndega da Receita Federal apreendeu com eles 30 unidades do iPhone 7 e iPhone 7 Plus \u2013 os aparelhos estavam \u201cocultos e atados ao corpo dos viajantes\u201d.<\/p>\n","protected":false},"author":1,"featured_media":25223,"comment_status":"open","ping_status":"open","sticky":false,"template":"","format":"standard","meta":{"_links_to":"","_links_to_target":""},"categories":[7,1],"tags":[],"views":1647,"_links":{"self":[{"href":"https:\/\/www.brazilianpress.com\/v1\/wp-json\/wp\/v2\/posts\/25222"}],"collection":[{"href":"https:\/\/www.brazilianpress.com\/v1\/wp-json\/wp\/v2\/posts"}],"about":[{"href":"https:\/\/www.brazilianpress.com\/v1\/wp-json\/wp\/v2\/types\/post"}],"author":[{"embeddable":true,"href":"https:\/\/www.brazilianpress.com\/v1\/wp-json\/wp\/v2\/users\/1"}],"replies":[{"embeddable":true,"href":"https:\/\/www.brazilianpress.com\/v1\/wp-json\/wp\/v2\/comments?post=25222"}],"version-history":[{"count":1,"href":"https:\/\/www.brazilianpress.com\/v1\/wp-json\/wp\/v2\/posts\/25222\/revisions"}],"predecessor-version":[{"id":25224,"href":"https:\/\/www.brazilianpress.com\/v1\/wp-json\/wp\/v2\/posts\/25222\/revisions\/25224"}],"wp:featuredmedia":[{"embeddable":true,"href":"https:\/\/www.brazilianpress.com\/v1\/wp-json\/wp\/v2\/media\/25223"}],"wp:attachment":[{"href":"https:\/\/www.brazilianpress.com\/v1\/wp-json\/wp\/v2\/media?parent=25222"}],"wp:term":[{"taxonomy":"category","embeddable":true,"href":"https:\/\/www.brazilianpress.com\/v1\/wp-json\/wp\/v2\/categories?post=25222"},{"taxonomy":"post_tag","embeddable":true,"href":"https:\/\/www.brazilianpress.com\/v1\/wp-json\/wp\/v2\/tags?post=25222"}],"curies":[{"name":"wp","href":"https:\/\/api.w.org\/{rel}","templated":true}]}}