{"id":25228,"date":"2016-10-13T15:07:45","date_gmt":"2016-10-13T19:07:45","guid":{"rendered":"http:\/\/www.brazilianpress.com\/v1\/?p=25228"},"modified":"2016-10-13T15:07:45","modified_gmt":"2016-10-13T19:07:45","slug":"jovens-americanos-trabalham-mais-e-ganham-menos-do-que-em-1980","status":"publish","type":"post","link":"https:\/\/www.brazilianpress.com\/v1\/2016\/10\/13\/jovens-americanos-trabalham-mais-e-ganham-menos-do-que-em-1980\/","title":{"rendered":"Jovens americanos trabalham mais e ganham menos do que em 1980"},"content":{"rendered":"<p><img loading=\"lazy\" class=\"alignnone size-full wp-image-25229\" src=\"http:\/\/www.brazilianpress.com\/v1\/wp-content\/uploads\/2016\/10\/jovens-americanos.jpg\" alt=\"jovens-americanos\" width=\"500\" height=\"333\" srcset=\"https:\/\/www.brazilianpress.com\/v1\/wp-content\/uploads\/2016\/10\/jovens-americanos.jpg 500w, https:\/\/www.brazilianpress.com\/v1\/wp-content\/uploads\/2016\/10\/jovens-americanos-300x200.jpg 300w\" sizes=\"(max-width: 500px) 100vw, 500px\" \/><\/p>\n<p>Os jovens trabalhadores nos Estados Unidos ganham menos do que a gera\u00e7\u00e3o anterior da mesma idade, embora trabalhem mais &#8211; de acordo com um estudo do Pew Research Center publicado na quinta-feira (6).<!--more--><\/p>\n<p>Em 1980, o sal\u00e1rio m\u00e9dio para trabalhadores com idades entre 16 e 24 anos era de 28.131 d\u00f3lares. Em 35 anos, esse valor sofreu uma perda de 11%, chegando, no final de 2015, a 25.000 d\u00f3lares, de acordo com dados fornecidos pelo Departamento americano do Trabalho. No mesmo per\u00edodo, os trabalhadores com idade superior a 65 anos passaram a ganhar bem mais do que em 1980. A renda m\u00e9dia daqueles que ainda n\u00e3o se aposentaram aumentou 37%, passando de 35.483 d\u00f3lares anuais, em 1980, para 50.000 d\u00f3lares em 2015.<\/p>\n<p>J\u00e1 os trabalhadores com idades entre 55 e 64 anos viram seus ganhos aumentarem 10% desde a d\u00e9cada de 1980. Ao analisar a tend\u00eancia geral sem distin\u00e7\u00e3o de idades, o pagamento m\u00e9dio por hora &#8211; ajustado pela infla\u00e7\u00e3o &#8211; passou de 19 d\u00f3lares, em 1990, para 22 d\u00f3lares, em 2015, um aumento de 16% em 25 anos. Em contrapartida, os americanos agora trabalham mais do que em 1980. Em m\u00e9dia, os americanos tinham, em 2015, jornadas semanais de 38,7 horas, contra 38,1 horas, em 1980. Nesse per\u00edodo, tamb\u00e9m aumentou o n\u00famero de semanas trabalhadas, passando de 43, em 1980, para 46,8, em 2015.<\/p>\n","protected":false},"excerpt":{"rendered":"<p>Os jovens trabalhadores nos Estados Unidos ganham menos do que a gera\u00e7\u00e3o anterior da mesma idade, embora trabalhem mais &#8211; de acordo com um estudo do Pew Research Center publicado na quinta-feira (6).<\/p>\n","protected":false},"author":1,"featured_media":25229,"comment_status":"open","ping_status":"open","sticky":false,"template":"","format":"standard","meta":{"_links_to":"","_links_to_target":""},"categories":[1,10],"tags":[],"views":2383,"_links":{"self":[{"href":"https:\/\/www.brazilianpress.com\/v1\/wp-json\/wp\/v2\/posts\/25228"}],"collection":[{"href":"https:\/\/www.brazilianpress.com\/v1\/wp-json\/wp\/v2\/posts"}],"about":[{"href":"https:\/\/www.brazilianpress.com\/v1\/wp-json\/wp\/v2\/types\/post"}],"author":[{"embeddable":true,"href":"https:\/\/www.brazilianpress.com\/v1\/wp-json\/wp\/v2\/users\/1"}],"replies":[{"embeddable":true,"href":"https:\/\/www.brazilianpress.com\/v1\/wp-json\/wp\/v2\/comments?post=25228"}],"version-history":[{"count":1,"href":"https:\/\/www.brazilianpress.com\/v1\/wp-json\/wp\/v2\/posts\/25228\/revisions"}],"predecessor-version":[{"id":25230,"href":"https:\/\/www.brazilianpress.com\/v1\/wp-json\/wp\/v2\/posts\/25228\/revisions\/25230"}],"wp:featuredmedia":[{"embeddable":true,"href":"https:\/\/www.brazilianpress.com\/v1\/wp-json\/wp\/v2\/media\/25229"}],"wp:attachment":[{"href":"https:\/\/www.brazilianpress.com\/v1\/wp-json\/wp\/v2\/media?parent=25228"}],"wp:term":[{"taxonomy":"category","embeddable":true,"href":"https:\/\/www.brazilianpress.com\/v1\/wp-json\/wp\/v2\/categories?post=25228"},{"taxonomy":"post_tag","embeddable":true,"href":"https:\/\/www.brazilianpress.com\/v1\/wp-json\/wp\/v2\/tags?post=25228"}],"curies":[{"name":"wp","href":"https:\/\/api.w.org\/{rel}","templated":true}]}}