{"id":25246,"date":"2016-10-13T17:02:11","date_gmt":"2016-10-13T21:02:11","guid":{"rendered":"http:\/\/www.brazilianpress.com\/v1\/?p=25246"},"modified":"2016-10-13T17:02:11","modified_gmt":"2016-10-13T21:02:11","slug":"mais-um-aviao-e-evacuado-apos-novo-incidente-com-telefone-da-samsung-nos-eua","status":"publish","type":"post","link":"https:\/\/www.brazilianpress.com\/v1\/2016\/10\/13\/mais-um-aviao-e-evacuado-apos-novo-incidente-com-telefone-da-samsung-nos-eua\/","title":{"rendered":"Mais um avi\u00e3o \u00e9 evacuado ap\u00f3s novo incidente com telefone da Samsung nos EUA"},"content":{"rendered":"<p><img loading=\"lazy\" class=\" size-full wp-image-25247 alignright\" src=\"http:\/\/www.brazilianpress.com\/v1\/wp-content\/uploads\/2016\/10\/samsung.jpg\" alt=\"samsung\" width=\"300\" height=\"169\" \/>Mais um avi\u00e3o americano foi evacuado antes da decolagem depois que o celular Galaxy Note 7 de um passageiro, que, aparentemente, j\u00e1 havia sido substitu\u00eddo pela Samsung em um recall, pegou fogo, envolvendo a companhia de eletr\u00f4nicos sul-coreana em uma nova controv\u00e9rsia.<!--more--><\/p>\n<p>A Samsung est\u00e1 realizando a convoca\u00e7\u00e3o para recall de 2,5 milh\u00f5es de unidades do Galaxy Note 7 devido a relatos de explos\u00e3o de baterias, um problema que acreditava-se que seria resolvido com a substitui\u00e7\u00e3o dos telefones. Mas na quarta-feira, um voo da Southwest Airlines que partiu de Luisville, no estado de Kentucky, foi evacuado depois que o celular Samsung de um passageiro come\u00e7ou a soltar fuma\u00e7a.<\/p>\n<p>O dono do aparelho, Brian Green, declarou ao site de not\u00edcias tecnol\u00f3gicas The Verge que o telefone havia sido substitu\u00eddo e que o recebeu em 21 de setembro. Al\u00e9m disso, mostrou a imagem da caixa, que indicava que havia sido substitu\u00eddo. Cerca de 60% dos consumidores americanos trocaram seus aparelhos pelos substitutos no fim do m\u00eas passado.<\/p>\n<p>O The Verge indicou que Green havia desligado o telefone no momento da decolagem, uma informa\u00e7\u00e3o que o The New York Times confirmou atrav\u00e9s de testemunhas. Os danos sofridos pelo dispositivo eram de tal magnitude que um respons\u00e1vel do corpo de bombeiros n\u00e3o p\u00f4de verificar de forma independente o modelo do telefone, segundo a ABC News. &#8220;Enquanto n\u00e3o tivermos recuperado o dispositivo, n\u00e3o poderemos confirmar se o incidente ocorreu com um novo Note&#8221;, disse a Samsung em um comunicado.<\/p>\n","protected":false},"excerpt":{"rendered":"<p>Mais um avi\u00e3o americano foi evacuado antes da decolagem depois que o celular Galaxy Note 7 de um passageiro, que, aparentemente, j\u00e1 havia sido substitu\u00eddo pela Samsung em um recall, pegou fogo, envolvendo a companhia de eletr\u00f4nicos sul-coreana em uma nova controv\u00e9rsia.<\/p>\n","protected":false},"author":1,"featured_media":25247,"comment_status":"open","ping_status":"open","sticky":false,"template":"","format":"standard","meta":{"_links_to":"","_links_to_target":""},"categories":[4,1],"tags":[],"views":2116,"_links":{"self":[{"href":"https:\/\/www.brazilianpress.com\/v1\/wp-json\/wp\/v2\/posts\/25246"}],"collection":[{"href":"https:\/\/www.brazilianpress.com\/v1\/wp-json\/wp\/v2\/posts"}],"about":[{"href":"https:\/\/www.brazilianpress.com\/v1\/wp-json\/wp\/v2\/types\/post"}],"author":[{"embeddable":true,"href":"https:\/\/www.brazilianpress.com\/v1\/wp-json\/wp\/v2\/users\/1"}],"replies":[{"embeddable":true,"href":"https:\/\/www.brazilianpress.com\/v1\/wp-json\/wp\/v2\/comments?post=25246"}],"version-history":[{"count":1,"href":"https:\/\/www.brazilianpress.com\/v1\/wp-json\/wp\/v2\/posts\/25246\/revisions"}],"predecessor-version":[{"id":25248,"href":"https:\/\/www.brazilianpress.com\/v1\/wp-json\/wp\/v2\/posts\/25246\/revisions\/25248"}],"wp:featuredmedia":[{"embeddable":true,"href":"https:\/\/www.brazilianpress.com\/v1\/wp-json\/wp\/v2\/media\/25247"}],"wp:attachment":[{"href":"https:\/\/www.brazilianpress.com\/v1\/wp-json\/wp\/v2\/media?parent=25246"}],"wp:term":[{"taxonomy":"category","embeddable":true,"href":"https:\/\/www.brazilianpress.com\/v1\/wp-json\/wp\/v2\/categories?post=25246"},{"taxonomy":"post_tag","embeddable":true,"href":"https:\/\/www.brazilianpress.com\/v1\/wp-json\/wp\/v2\/tags?post=25246"}],"curies":[{"name":"wp","href":"https:\/\/api.w.org\/{rel}","templated":true}]}}