{"id":25259,"date":"2016-10-13T17:37:17","date_gmt":"2016-10-13T21:37:17","guid":{"rendered":"http:\/\/www.brazilianpress.com\/v1\/?p=25259"},"modified":"2016-10-13T17:37:17","modified_gmt":"2016-10-13T21:37:17","slug":"cobertura-jorge-vercillo-encantou-o-publico-em-new-york-com-seu-novo-show","status":"publish","type":"post","link":"https:\/\/www.brazilianpress.com\/v1\/2016\/10\/13\/cobertura-jorge-vercillo-encantou-o-publico-em-new-york-com-seu-novo-show\/","title":{"rendered":"Cobertura: Jorge Vercillo encantou o p\u00fablico em New York com seu novo show"},"content":{"rendered":"<p><img loading=\"lazy\" class=\"alignnone size-full wp-image-25263\" src=\"http:\/\/www.brazilianpress.com\/v1\/wp-content\/uploads\/2016\/10\/jorge-vercillo-new-york-2016-3.jpg\" alt=\"jorge-vercillo-new-york-2016-3\" width=\"500\" height=\"375\" srcset=\"https:\/\/www.brazilianpress.com\/v1\/wp-content\/uploads\/2016\/10\/jorge-vercillo-new-york-2016-3.jpg 500w, https:\/\/www.brazilianpress.com\/v1\/wp-content\/uploads\/2016\/10\/jorge-vercillo-new-york-2016-3-300x225.jpg 300w\" sizes=\"(max-width: 500px) 100vw, 500px\" \/><\/p>\n<p><strong><em>Jr. Schutt- <\/em><\/strong>O palco da casa de shows SubRosa em Manhattan ganhou uma atmosfera diferente, rom\u00e2ntica, sensual, de grande amabilidade com a presen\u00e7a do cantor e compositor Jorge Vercillo, de volta aos palcos norte-americanos devido a demanda dos f\u00e3s. <!--more-->Ao lado de m\u00fasicos extraordin\u00e1rios, Jorge apresentou um repert\u00f3rio variado com can\u00e7\u00f5es originais como &#8220;Que Nem Mare&#8221;, &#8220;Homem-Aranha&#8221;, e algumas gravadas por outras feras da MPB no \u00faltimo fim de semana. Muita gente bonita e f\u00e3s entusiasmados estiveram presentes, bem como a esposa do cantor, Martha Suarez, a promoter Ana Helena Duarte e Mario Martinez, realizador do evento, a fot\u00f3grafa Daniele Silva (que fotografou o evento e colaborou aqui), a agente de turismo Ana Avelleda, a doceira e cake designer Thalita Lyra, o bartender Carlos Zatta e o cake designer Tiago Leite. Vejam alguns flashes.<\/p>\n<p><img loading=\"lazy\" class=\"alignnone size-full wp-image-25261\" src=\"http:\/\/www.brazilianpress.com\/v1\/wp-content\/uploads\/2016\/10\/jorge-vercillo-new-york-2016-1.jpg\" alt=\"jorge-vercillo-new-york-2016-1\" width=\"500\" height=\"375\" srcset=\"https:\/\/www.brazilianpress.com\/v1\/wp-content\/uploads\/2016\/10\/jorge-vercillo-new-york-2016-1.jpg 500w, https:\/\/www.brazilianpress.com\/v1\/wp-content\/uploads\/2016\/10\/jorge-vercillo-new-york-2016-1-300x225.jpg 300w\" sizes=\"(max-width: 500px) 100vw, 500px\" \/> <img loading=\"lazy\" class=\"alignnone size-full wp-image-25266\" src=\"http:\/\/www.brazilianpress.com\/v1\/wp-content\/uploads\/2016\/10\/jorge-vercillo-new-york-2016-6.jpg\" alt=\"jorge-vercillo-new-york-2016-6\" width=\"500\" height=\"333\" srcset=\"https:\/\/www.brazilianpress.com\/v1\/wp-content\/uploads\/2016\/10\/jorge-vercillo-new-york-2016-6.jpg 500w, https:\/\/www.brazilianpress.com\/v1\/wp-content\/uploads\/2016\/10\/jorge-vercillo-new-york-2016-6-300x200.jpg 300w\" sizes=\"(max-width: 500px) 100vw, 500px\" \/> <img loading=\"lazy\" class=\"alignnone size-full wp-image-25265\" src=\"http:\/\/www.brazilianpress.com\/v1\/wp-content\/uploads\/2016\/10\/jorge-vercillo-new-york-2016-5.jpg\" alt=\"jorge-vercillo-new-york-2016-5\" width=\"500\" height=\"333\" srcset=\"https:\/\/www.brazilianpress.com\/v1\/wp-content\/uploads\/2016\/10\/jorge-vercillo-new-york-2016-5.jpg 500w, https:\/\/www.brazilianpress.com\/v1\/wp-content\/uploads\/2016\/10\/jorge-vercillo-new-york-2016-5-300x200.jpg 300w\" sizes=\"(max-width: 500px) 100vw, 500px\" \/> <img loading=\"lazy\" class=\"alignnone size-full wp-image-25260\" src=\"http:\/\/www.brazilianpress.com\/v1\/wp-content\/uploads\/2016\/10\/jorge-vercillo-new-york-2016-7.jpg\" alt=\"jorge-vercillo-new-york-2016-7\" width=\"500\" height=\"333\" srcset=\"https:\/\/www.brazilianpress.com\/v1\/wp-content\/uploads\/2016\/10\/jorge-vercillo-new-york-2016-7.jpg 500w, https:\/\/www.brazilianpress.com\/v1\/wp-content\/uploads\/2016\/10\/jorge-vercillo-new-york-2016-7-300x200.jpg 300w\" sizes=\"(max-width: 500px) 100vw, 500px\" \/> <img loading=\"lazy\" class=\"alignnone size-full wp-image-25264\" src=\"http:\/\/www.brazilianpress.com\/v1\/wp-content\/uploads\/2016\/10\/jorge-vercillo-new-york-2016-4.jpg\" alt=\"jorge-vercillo-new-york-2016-4\" width=\"500\" height=\"375\" srcset=\"https:\/\/www.brazilianpress.com\/v1\/wp-content\/uploads\/2016\/10\/jorge-vercillo-new-york-2016-4.jpg 500w, https:\/\/www.brazilianpress.com\/v1\/wp-content\/uploads\/2016\/10\/jorge-vercillo-new-york-2016-4-300x225.jpg 300w\" sizes=\"(max-width: 500px) 100vw, 500px\" \/> <img loading=\"lazy\" class=\"alignnone size-full wp-image-25262\" src=\"http:\/\/www.brazilianpress.com\/v1\/wp-content\/uploads\/2016\/10\/jorge-vercillo-new-york-2016-2.jpg\" alt=\"jorge-vercillo-new-york-2016-2\" width=\"500\" height=\"418\" srcset=\"https:\/\/www.brazilianpress.com\/v1\/wp-content\/uploads\/2016\/10\/jorge-vercillo-new-york-2016-2.jpg 500w, https:\/\/www.brazilianpress.com\/v1\/wp-content\/uploads\/2016\/10\/jorge-vercillo-new-york-2016-2-300x251.jpg 300w\" sizes=\"(max-width: 500px) 100vw, 500px\" \/><\/p>\n","protected":false},"excerpt":{"rendered":"<p>Jr. Schutt- O palco da casa de shows SubRosa em Manhattan ganhou uma atmosfera diferente, rom\u00e2ntica, sensual, de grande amabilidade com a presen\u00e7a do cantor e compositor Jorge Vercillo, de volta aos palcos norte-americanos devido a demanda dos f\u00e3s.<\/p>\n","protected":false},"author":1,"featured_media":25263,"comment_status":"open","ping_status":"open","sticky":false,"template":"","format":"standard","meta":{"_links_to":"","_links_to_target":""},"categories":[4,19,1],"tags":[],"views":6445,"_links":{"self":[{"href":"https:\/\/www.brazilianpress.com\/v1\/wp-json\/wp\/v2\/posts\/25259"}],"collection":[{"href":"https:\/\/www.brazilianpress.com\/v1\/wp-json\/wp\/v2\/posts"}],"about":[{"href":"https:\/\/www.brazilianpress.com\/v1\/wp-json\/wp\/v2\/types\/post"}],"author":[{"embeddable":true,"href":"https:\/\/www.brazilianpress.com\/v1\/wp-json\/wp\/v2\/users\/1"}],"replies":[{"embeddable":true,"href":"https:\/\/www.brazilianpress.com\/v1\/wp-json\/wp\/v2\/comments?post=25259"}],"version-history":[{"count":1,"href":"https:\/\/www.brazilianpress.com\/v1\/wp-json\/wp\/v2\/posts\/25259\/revisions"}],"predecessor-version":[{"id":25267,"href":"https:\/\/www.brazilianpress.com\/v1\/wp-json\/wp\/v2\/posts\/25259\/revisions\/25267"}],"wp:featuredmedia":[{"embeddable":true,"href":"https:\/\/www.brazilianpress.com\/v1\/wp-json\/wp\/v2\/media\/25263"}],"wp:attachment":[{"href":"https:\/\/www.brazilianpress.com\/v1\/wp-json\/wp\/v2\/media?parent=25259"}],"wp:term":[{"taxonomy":"category","embeddable":true,"href":"https:\/\/www.brazilianpress.com\/v1\/wp-json\/wp\/v2\/categories?post=25259"},{"taxonomy":"post_tag","embeddable":true,"href":"https:\/\/www.brazilianpress.com\/v1\/wp-json\/wp\/v2\/tags?post=25259"}],"curies":[{"name":"wp","href":"https:\/\/api.w.org\/{rel}","templated":true}]}}