{"id":25374,"date":"2016-10-20T18:08:29","date_gmt":"2016-10-20T22:08:29","guid":{"rendered":"http:\/\/www.brazilianpress.com\/v1\/?p=25374"},"modified":"2016-10-20T18:08:29","modified_gmt":"2016-10-20T22:08:29","slug":"10-sinais-de-cancer-frequentemente-ignorados","status":"publish","type":"post","link":"https:\/\/www.brazilianpress.com\/v1\/2016\/10\/20\/10-sinais-de-cancer-frequentemente-ignorados\/","title":{"rendered":"10 sinais de c\u00e2ncer frequentemente ignorados"},"content":{"rendered":"<p><img loading=\"lazy\" class=\"alignright size-full wp-image-25375\" src=\"http:\/\/www.brazilianpress.com\/v1\/wp-content\/uploads\/2016\/10\/cancer.jpg\" alt=\"cancer\" width=\"300\" height=\"224\" \/>Uma pesquisa da organiza\u00e7\u00e3o C\u00e2ncer Research UK listou dez sintomas de c\u00e2ncer que muitas vezes s\u00e3o ignorados pelos cidad\u00e3os brit\u00e2nicos. A ONG diz que isso pode atrasar poss\u00edveis diagn\u00f3sticos da doen\u00e7a.\u00a0Veja abaixo os sintomas e a que tipo de c\u00e2ncer\u00a0eles podem estar relacionados:<!--more--><\/p>\n<ol>\n<li>Tosse e rouquid\u00e3o (c\u00e2ncer de pulm\u00e3o)<\/li>\n<li>Apari\u00e7\u00e3o de caro\u00e7os pelo corpo (dependendo da regi\u00e3o do corpo, pode indicar c\u00e2ncer)<\/li>\n<li>Mudan\u00e7a na rotina intestinal (c\u00e2ncer no intestino)<\/li>\n<li>Altera\u00e7\u00e3o no h\u00e1bito de urinar (c\u00e2ncer na bexiga)<\/li>\n<li>Perda de peso inexplic\u00e1vel (pode estar ligada a diversas varia\u00e7\u00f5es da doen\u00e7a)<\/li>\n<li>Dor inexplic\u00e1vel (pode indicar v\u00e1rios tipos de c\u00e2ncer)<\/li>\n<li>Sangramento inexplic\u00e1vel (pode estar ligado a c\u00e2nceres no intestino, na medula ou na vulva)<\/li>\n<li>Ferida que n\u00e3o cicatriza (por estar ligada a diversas varia\u00e7\u00f5es da doen\u00e7a)<\/li>\n<li>Dificuldade de engolir (c\u00e2ncer no es\u00f4fago)<\/li>\n<li>Mudan\u00e7a na apar\u00eancia de uma verruga (<a href=\"http:\/\/saude.ig.com.br\/minhasaude\/diagnostico-de-cancer-de-pele-pode-comecar-no-salao-de-beleza\/n1597292608676.html\">c\u00e2ncer de pele<\/a>)<\/li>\n<\/ol>\n<p>De acordo com a C\u00e2ncer Research UK, muitas pessoas tendem a achar que sintomas como esses s\u00e3o triviais e, por isso, n\u00e3o procuram seus m\u00e9dicos.\u00a0Outro fator que motivaria os brit\u00e2nicos a n\u00e3o procurar ajuda seria o receio de &#8220;desperdi\u00e7ar&#8221; o tempo dos m\u00e9dicos com esse tipo de suspeitas.<\/p>\n<p>Os pesquisadores da entidade entrevistaram 1.700 pessoas com mais de 50 anos de idade. Mais da metade (52%) afirmou ter sentido ao menos um dos sintomas nos tr\u00eas meses anteriores \u00e0 pesquisa.<\/p>\n<p>Em um estudo qualitativo mais aprofundado, a C\u00e2ncer Research UK se concentrou no caso de 50 das pessoas que tiveram os sintomas. Foi constatado que 45% delas n\u00e3o procuraram ajuda m\u00e9dica ap\u00f3s senti-los.\u00a0Uma das pacientes relatou n\u00e3o ter ido fazer exames ap\u00f3s sentir dores abdominais.<\/p>\n","protected":false},"excerpt":{"rendered":"<p>Uma pesquisa da organiza\u00e7\u00e3o C\u00e2ncer Research UK listou dez sintomas de c\u00e2ncer que muitas vezes s\u00e3o ignorados pelos cidad\u00e3os brit\u00e2nicos. A ONG diz que isso pode atrasar poss\u00edveis diagn\u00f3sticos da doen\u00e7a.\u00a0Veja abaixo os sintomas e a que tipo de c\u00e2ncer\u00a0eles podem estar relacionados:<\/p>\n","protected":false},"author":1,"featured_media":25375,"comment_status":"open","ping_status":"open","sticky":false,"template":"","format":"standard","meta":{"_links_to":"","_links_to_target":""},"categories":[4,1],"tags":[],"views":1880,"_links":{"self":[{"href":"https:\/\/www.brazilianpress.com\/v1\/wp-json\/wp\/v2\/posts\/25374"}],"collection":[{"href":"https:\/\/www.brazilianpress.com\/v1\/wp-json\/wp\/v2\/posts"}],"about":[{"href":"https:\/\/www.brazilianpress.com\/v1\/wp-json\/wp\/v2\/types\/post"}],"author":[{"embeddable":true,"href":"https:\/\/www.brazilianpress.com\/v1\/wp-json\/wp\/v2\/users\/1"}],"replies":[{"embeddable":true,"href":"https:\/\/www.brazilianpress.com\/v1\/wp-json\/wp\/v2\/comments?post=25374"}],"version-history":[{"count":1,"href":"https:\/\/www.brazilianpress.com\/v1\/wp-json\/wp\/v2\/posts\/25374\/revisions"}],"predecessor-version":[{"id":25376,"href":"https:\/\/www.brazilianpress.com\/v1\/wp-json\/wp\/v2\/posts\/25374\/revisions\/25376"}],"wp:featuredmedia":[{"embeddable":true,"href":"https:\/\/www.brazilianpress.com\/v1\/wp-json\/wp\/v2\/media\/25375"}],"wp:attachment":[{"href":"https:\/\/www.brazilianpress.com\/v1\/wp-json\/wp\/v2\/media?parent=25374"}],"wp:term":[{"taxonomy":"category","embeddable":true,"href":"https:\/\/www.brazilianpress.com\/v1\/wp-json\/wp\/v2\/categories?post=25374"},{"taxonomy":"post_tag","embeddable":true,"href":"https:\/\/www.brazilianpress.com\/v1\/wp-json\/wp\/v2\/tags?post=25374"}],"curies":[{"name":"wp","href":"https:\/\/api.w.org\/{rel}","templated":true}]}}