{"id":25377,"date":"2016-10-20T18:11:10","date_gmt":"2016-10-20T22:11:10","guid":{"rendered":"http:\/\/www.brazilianpress.com\/v1\/?p=25377"},"modified":"2016-10-20T18:11:10","modified_gmt":"2016-10-20T22:11:10","slug":"inspirado-nos-10-mandamentos-biblicos-serie-decalogo-faz-parte-de-retrospectiva-no-momi-em-astoria","status":"publish","type":"post","link":"https:\/\/www.brazilianpress.com\/v1\/2016\/10\/20\/inspirado-nos-10-mandamentos-biblicos-serie-decalogo-faz-parte-de-retrospectiva-no-momi-em-astoria\/","title":{"rendered":"Inspirado nos 10 Mandamentos B\u00edblicos, s\u00e9rie &#8220;Dec\u00e1logo&#8221; faz parte de retrospectiva no MOMI em Astoria"},"content":{"rendered":"<p><img loading=\"lazy\" class=\"alignnone size-full wp-image-25378\" src=\"http:\/\/www.brazilianpress.com\/v1\/wp-content\/uploads\/2016\/10\/decalogo-serie-1.jpg\" alt=\"decalogo-serie-1\" width=\"500\" height=\"312\" srcset=\"https:\/\/www.brazilianpress.com\/v1\/wp-content\/uploads\/2016\/10\/decalogo-serie-1.jpg 500w, https:\/\/www.brazilianpress.com\/v1\/wp-content\/uploads\/2016\/10\/decalogo-serie-1-300x187.jpg 300w\" sizes=\"(max-width: 500px) 100vw, 500px\" \/><\/p>\n<p><strong><em>RCosta- <\/em><\/strong>The Museum of the Moving Image em Astoria Queens continua a grandiosa Retrospectiva completa do premiado cineasta polon\u00eas Krzysztof Kieslowski, e para celebrar um grande marco na hist\u00f3ria da dramaturgia e cinema atrav\u00e9s da TV, exibir\u00e1 a cultuada s\u00e9rie &#8220;The Decalogue&#8221; neste fim de semana.<!--more--> <strong>Kieslowski: A Complete Retrospective<\/strong> \u00e9 realizado com a colabora\u00e7\u00e3o do Polish Film Institute e o Polish Cultural Institute em New York. A s\u00e9rie j\u00e1 apresentou &#8220;Double Life of Veronique&#8221; premiado com a Palma de Ouro em Cannes Melhor Atriz, e filmes iniciais de sua carreira como &#8220;Camera Buff&#8221; e &#8220;First Love&#8221;. Originalmente feito para a TV polonesa os 10 epis\u00f3dios do <strong>&#8220;Decalogo&#8221; <\/strong>s\u00e3o inspirados pelos 10 Mandamentos B\u00edblicos e duram 1 hora cada. A s\u00e9rie tornou-se c\u00e9lebre ao redor do mundo, ganhando vers\u00f5es na tela do cinema, em Festivais, e \u00e9 considerado o maior evento televisivo j\u00e1 realizado, a s\u00e9rie de TV mais influente e respeitada de todos os tempos. Ela acompanha os residentes de um complexo de apartamentos, examinando temas e emo\u00e7\u00f5es humanas como amor, \u00f3dio, desejo, trai\u00e7\u00e3o, vingan\u00e7a, instinto, viol\u00eancia, f\u00e9 e mais. <strong>Dias 22 e 23 de outubro, no Museum of Moving Image, 36-01 35th Avenue, Astoria, Queens-NYC.<\/strong> A s\u00e9rie prossegue at\u00e9 dia 6 de novembro, e exibir\u00e1 tamb\u00e9m a Trilogia das cores (Blue, White and Red) baseada na Revolu\u00e7\u00e3o Francesa. Detalhes e ingressos: <a href=\"http:\/\/www.movingimage.us\/programs\/2016\/10\/22\/detail\/dekalog\">http:\/\/www.movingimage.us\/programs\/2016\/10\/22\/detail\/dekalog<\/a>\/<\/p>\n<p><img loading=\"lazy\" class=\"alignnone size-full wp-image-25379\" src=\"http:\/\/www.brazilianpress.com\/v1\/wp-content\/uploads\/2016\/10\/decalogo-serie-2.jpg\" alt=\"decalogo-serie-2\" width=\"500\" height=\"280\" srcset=\"https:\/\/www.brazilianpress.com\/v1\/wp-content\/uploads\/2016\/10\/decalogo-serie-2.jpg 500w, https:\/\/www.brazilianpress.com\/v1\/wp-content\/uploads\/2016\/10\/decalogo-serie-2-300x168.jpg 300w\" sizes=\"(max-width: 500px) 100vw, 500px\" \/> <img loading=\"lazy\" class=\"alignnone size-full wp-image-25381\" src=\"http:\/\/www.brazilianpress.com\/v1\/wp-content\/uploads\/2016\/10\/decalogo-serie-4.jpg\" alt=\"decalogo-serie-4\" width=\"500\" height=\"281\" srcset=\"https:\/\/www.brazilianpress.com\/v1\/wp-content\/uploads\/2016\/10\/decalogo-serie-4.jpg 500w, https:\/\/www.brazilianpress.com\/v1\/wp-content\/uploads\/2016\/10\/decalogo-serie-4-300x169.jpg 300w\" sizes=\"(max-width: 500px) 100vw, 500px\" \/> <img loading=\"lazy\" class=\"alignnone size-full wp-image-25380\" src=\"http:\/\/www.brazilianpress.com\/v1\/wp-content\/uploads\/2016\/10\/decalogo-serie-3.jpg\" alt=\"decalogo-serie-3\" width=\"500\" height=\"281\" srcset=\"https:\/\/www.brazilianpress.com\/v1\/wp-content\/uploads\/2016\/10\/decalogo-serie-3.jpg 500w, https:\/\/www.brazilianpress.com\/v1\/wp-content\/uploads\/2016\/10\/decalogo-serie-3-300x169.jpg 300w\" sizes=\"(max-width: 500px) 100vw, 500px\" \/><\/p>\n","protected":false},"excerpt":{"rendered":"<p>RCosta- The Museum of the Moving Image em Astoria Queens continua a grandiosa Retrospectiva completa do premiado cineasta polon\u00eas Krzysztof Kieslowski, e para celebrar um grande marco na hist\u00f3ria da dramaturgia e cinema atrav\u00e9s da TV, exibir\u00e1 a cultuada s\u00e9rie &#8220;The Decalogue&#8221; neste fim de semana.<\/p>\n","protected":false},"author":1,"featured_media":25378,"comment_status":"open","ping_status":"open","sticky":false,"template":"","format":"standard","meta":{"_links_to":"","_links_to_target":""},"categories":[4,1],"tags":[],"views":2333,"_links":{"self":[{"href":"https:\/\/www.brazilianpress.com\/v1\/wp-json\/wp\/v2\/posts\/25377"}],"collection":[{"href":"https:\/\/www.brazilianpress.com\/v1\/wp-json\/wp\/v2\/posts"}],"about":[{"href":"https:\/\/www.brazilianpress.com\/v1\/wp-json\/wp\/v2\/types\/post"}],"author":[{"embeddable":true,"href":"https:\/\/www.brazilianpress.com\/v1\/wp-json\/wp\/v2\/users\/1"}],"replies":[{"embeddable":true,"href":"https:\/\/www.brazilianpress.com\/v1\/wp-json\/wp\/v2\/comments?post=25377"}],"version-history":[{"count":1,"href":"https:\/\/www.brazilianpress.com\/v1\/wp-json\/wp\/v2\/posts\/25377\/revisions"}],"predecessor-version":[{"id":25382,"href":"https:\/\/www.brazilianpress.com\/v1\/wp-json\/wp\/v2\/posts\/25377\/revisions\/25382"}],"wp:featuredmedia":[{"embeddable":true,"href":"https:\/\/www.brazilianpress.com\/v1\/wp-json\/wp\/v2\/media\/25378"}],"wp:attachment":[{"href":"https:\/\/www.brazilianpress.com\/v1\/wp-json\/wp\/v2\/media?parent=25377"}],"wp:term":[{"taxonomy":"category","embeddable":true,"href":"https:\/\/www.brazilianpress.com\/v1\/wp-json\/wp\/v2\/categories?post=25377"},{"taxonomy":"post_tag","embeddable":true,"href":"https:\/\/www.brazilianpress.com\/v1\/wp-json\/wp\/v2\/tags?post=25377"}],"curies":[{"name":"wp","href":"https:\/\/api.w.org\/{rel}","templated":true}]}}