{"id":25391,"date":"2016-10-20T19:13:58","date_gmt":"2016-10-20T23:13:58","guid":{"rendered":"http:\/\/www.brazilianpress.com\/v1\/?p=25391"},"modified":"2016-10-27T13:52:31","modified_gmt":"2016-10-27T17:52:31","slug":"fotos-4th-ironbound-multicultural-festival","status":"publish","type":"post","link":"https:\/\/www.brazilianpress.com\/v1\/2016\/10\/20\/fotos-4th-ironbound-multicultural-festival\/","title":{"rendered":"Fotos: 4th Ironbound Multicultural Festival"},"content":{"rendered":"<p><img loading=\"lazy\" class=\"alignnone size-full wp-image-25401\" src=\"http:\/\/www.brazilianpress.com\/v1\/wp-content\/uploads\/2016\/10\/ironbound-multicultural-festival-2016-10.jpg\" alt=\"ironbound-multicultural-festival-2016-10\" width=\"450\" height=\"338\" srcset=\"https:\/\/www.brazilianpress.com\/v1\/wp-content\/uploads\/2016\/10\/ironbound-multicultural-festival-2016-10.jpg 450w, https:\/\/www.brazilianpress.com\/v1\/wp-content\/uploads\/2016\/10\/ironbound-multicultural-festival-2016-10-300x225.jpg 300w\" sizes=\"(max-width: 450px) 100vw, 450px\" \/><\/p>\n<p>O desafio que t\u00ednhamos pela frente era muito simples: t\u00ednhamos que fazer melhor do que o ano passado. E fez-se! Aproximadamente 350 pe\u00e7as de arte pintadas e trabalhadas por cerca de 180 artistas de 25 pa\u00edses foram apresentadas ao p\u00fablico na Galeria Tempor\u00e1ria da Newark Warehouse, localizada no 110 Edison Place, em Newark.<!--more--> O espa\u00e7o, cedido gentilmente pela firma Edison Properties, \u00e9 excelente pois oferece condi\u00e7\u00f5es excecionais. Mais de 300 pessoas estiveram presentes na apresenta\u00e7\u00e3o do evento que contou, tamb\u00e9m, com a presen\u00e7a de Alexandra Marques, Eduardo Marques, a La Dance Group, Seth Grossman &amp; Michael Solomon Jazz, Azia Lewter , Mireicy Aquino e Agrupacion Folklorica Balcon Andino .<\/p>\n<p><img loading=\"lazy\" class=\"alignnone size-full wp-image-25392\" src=\"http:\/\/www.brazilianpress.com\/v1\/wp-content\/uploads\/2016\/10\/ironbound-multicultural-festival-2016-1.jpg\" alt=\"ironbound-multicultural-festival-2016-1\" width=\"450\" height=\"600\" srcset=\"https:\/\/www.brazilianpress.com\/v1\/wp-content\/uploads\/2016\/10\/ironbound-multicultural-festival-2016-1.jpg 450w, https:\/\/www.brazilianpress.com\/v1\/wp-content\/uploads\/2016\/10\/ironbound-multicultural-festival-2016-1-225x300.jpg 225w\" sizes=\"(max-width: 450px) 100vw, 450px\" \/><\/p>\n<p>Os meus sinceros agradecimentos a Jerome Gottersman, ao Doug, ao Michael, e outros da Edison Properties. Aos restaurantes Casa Seabra, Caseiro e Bom, Don Pepe e Adega, pela fabulosa comida, ao meu staff Maria, Manuela, Cl\u00e1udia, Jorge e Wakeem, aos volunt\u00e1rios, especialmente Luis Nunes, Marcos Mendon\u00e7a and Camilo Satiro que trabalharam incansadamente, aos curadores, Claudia Garzesi, Amado Mora e Isabel Matos, \u00e0 cidade de Newark, etc., o meu Muito Obrigado.<\/p>\n<p>Um especial agradecimento aos 21 artistas que participaram na pintura do Mural de Newark. A noite foi maravilhosa! Este evento faz parte do Open Doors e\u00a0 das celebra\u00e7\u00f5es do NC350.<\/p>\n<p><img loading=\"lazy\" class=\"alignnone size-full wp-image-25400\" src=\"http:\/\/www.brazilianpress.com\/v1\/wp-content\/uploads\/2016\/10\/ironbound-multicultural-festival-2016-9.jpg\" alt=\"ironbound-multicultural-festival-2016-9\" width=\"450\" height=\"338\" srcset=\"https:\/\/www.brazilianpress.com\/v1\/wp-content\/uploads\/2016\/10\/ironbound-multicultural-festival-2016-9.jpg 450w, https:\/\/www.brazilianpress.com\/v1\/wp-content\/uploads\/2016\/10\/ironbound-multicultural-festival-2016-9-300x225.jpg 300w\" sizes=\"(max-width: 450px) 100vw, 450px\" \/><\/p>\n<p><strong>EXIBI\u00c7\u00c3O DE ARTE DO DIA 14-23 DE OUTUBRO , 2016 &#8211; VENHAM VISITAR!!!<\/strong><\/p>\n<p>Estamos promovendo nesta exibi\u00e7\u00e3o um concurso de arte com o tema a cidade de Newark para celebrar o anivers\u00e1rio de 350 anos, convidamos toda a comunidade a visitar e vir votar. Primeiro premio $1,000.00 Segundo premio $500,00 e Terceiro premio $250,00. A exposi\u00e7\u00e3o vai do dia 14 ao 23 de Outubro. A cerimonia de encerramento e anuncio dos vencedores do concurso, ser\u00e1 na sexta feira dia 21 de Outubro as 6-10pm.<\/p>\n<p><img loading=\"lazy\" class=\"alignnone size-full wp-image-25397\" src=\"http:\/\/www.brazilianpress.com\/v1\/wp-content\/uploads\/2016\/10\/ironbound-multicultural-festival-2016-6.jpg\" alt=\"ironbound-multicultural-festival-2016-6\" width=\"450\" height=\"338\" srcset=\"https:\/\/www.brazilianpress.com\/v1\/wp-content\/uploads\/2016\/10\/ironbound-multicultural-festival-2016-6.jpg 450w, https:\/\/www.brazilianpress.com\/v1\/wp-content\/uploads\/2016\/10\/ironbound-multicultural-festival-2016-6-300x225.jpg 300w\" sizes=\"(max-width: 450px) 100vw, 450px\" \/> <img loading=\"lazy\" class=\"alignnone size-full wp-image-25396\" src=\"http:\/\/www.brazilianpress.com\/v1\/wp-content\/uploads\/2016\/10\/ironbound-multicultural-festival-2016-5.jpg\" alt=\"ironbound-multicultural-festival-2016-5\" width=\"450\" height=\"338\" srcset=\"https:\/\/www.brazilianpress.com\/v1\/wp-content\/uploads\/2016\/10\/ironbound-multicultural-festival-2016-5.jpg 450w, https:\/\/www.brazilianpress.com\/v1\/wp-content\/uploads\/2016\/10\/ironbound-multicultural-festival-2016-5-300x225.jpg 300w\" sizes=\"(max-width: 450px) 100vw, 450px\" \/> <img loading=\"lazy\" class=\"alignnone size-full wp-image-25395\" src=\"http:\/\/www.brazilianpress.com\/v1\/wp-content\/uploads\/2016\/10\/ironbound-multicultural-festival-2016-4.jpg\" alt=\"ironbound-multicultural-festival-2016-4\" width=\"450\" height=\"338\" srcset=\"https:\/\/www.brazilianpress.com\/v1\/wp-content\/uploads\/2016\/10\/ironbound-multicultural-festival-2016-4.jpg 450w, https:\/\/www.brazilianpress.com\/v1\/wp-content\/uploads\/2016\/10\/ironbound-multicultural-festival-2016-4-300x225.jpg 300w\" sizes=\"(max-width: 450px) 100vw, 450px\" \/> <img loading=\"lazy\" class=\"alignnone size-full wp-image-25394\" src=\"http:\/\/www.brazilianpress.com\/v1\/wp-content\/uploads\/2016\/10\/ironbound-multicultural-festival-2016-3.jpg\" alt=\"ironbound-multicultural-festival-2016-3\" width=\"450\" height=\"226\" srcset=\"https:\/\/www.brazilianpress.com\/v1\/wp-content\/uploads\/2016\/10\/ironbound-multicultural-festival-2016-3.jpg 450w, https:\/\/www.brazilianpress.com\/v1\/wp-content\/uploads\/2016\/10\/ironbound-multicultural-festival-2016-3-300x151.jpg 300w\" sizes=\"(max-width: 450px) 100vw, 450px\" \/> <img loading=\"lazy\" class=\"alignnone size-full wp-image-25393\" src=\"http:\/\/www.brazilianpress.com\/v1\/wp-content\/uploads\/2016\/10\/ironbound-multicultural-festival-2016-2.jpg\" alt=\"ironbound-multicultural-festival-2016-2\" width=\"450\" height=\"450\" srcset=\"https:\/\/www.brazilianpress.com\/v1\/wp-content\/uploads\/2016\/10\/ironbound-multicultural-festival-2016-2.jpg 450w, https:\/\/www.brazilianpress.com\/v1\/wp-content\/uploads\/2016\/10\/ironbound-multicultural-festival-2016-2-150x150.jpg 150w, https:\/\/www.brazilianpress.com\/v1\/wp-content\/uploads\/2016\/10\/ironbound-multicultural-festival-2016-2-300x300.jpg 300w\" sizes=\"(max-width: 450px) 100vw, 450px\" \/> <img loading=\"lazy\" class=\"alignnone size-full wp-image-25398\" src=\"http:\/\/www.brazilianpress.com\/v1\/wp-content\/uploads\/2016\/10\/ironbound-multicultural-festival-2016-7.jpg\" alt=\"ironbound-multicultural-festival-2016-7\" width=\"450\" height=\"338\" srcset=\"https:\/\/www.brazilianpress.com\/v1\/wp-content\/uploads\/2016\/10\/ironbound-multicultural-festival-2016-7.jpg 450w, https:\/\/www.brazilianpress.com\/v1\/wp-content\/uploads\/2016\/10\/ironbound-multicultural-festival-2016-7-300x225.jpg 300w\" sizes=\"(max-width: 450px) 100vw, 450px\" \/> <img loading=\"lazy\" class=\"alignnone size-full wp-image-25399\" src=\"http:\/\/www.brazilianpress.com\/v1\/wp-content\/uploads\/2016\/10\/ironbound-multicultural-festival-2016-8.jpg\" alt=\"ironbound-multicultural-festival-2016-8\" width=\"450\" height=\"338\" srcset=\"https:\/\/www.brazilianpress.com\/v1\/wp-content\/uploads\/2016\/10\/ironbound-multicultural-festival-2016-8.jpg 450w, https:\/\/www.brazilianpress.com\/v1\/wp-content\/uploads\/2016\/10\/ironbound-multicultural-festival-2016-8-300x225.jpg 300w\" sizes=\"(max-width: 450px) 100vw, 450px\" \/> <img loading=\"lazy\" class=\"alignnone size-full wp-image-25402\" src=\"http:\/\/www.brazilianpress.com\/v1\/wp-content\/uploads\/2016\/10\/ironbound-multicultural-festival-2016-11.jpg\" alt=\"ironbound-multicultural-festival-2016-11\" width=\"450\" height=\"450\" srcset=\"https:\/\/www.brazilianpress.com\/v1\/wp-content\/uploads\/2016\/10\/ironbound-multicultural-festival-2016-11.jpg 450w, https:\/\/www.brazilianpress.com\/v1\/wp-content\/uploads\/2016\/10\/ironbound-multicultural-festival-2016-11-150x150.jpg 150w, https:\/\/www.brazilianpress.com\/v1\/wp-content\/uploads\/2016\/10\/ironbound-multicultural-festival-2016-11-300x300.jpg 300w\" sizes=\"(max-width: 450px) 100vw, 450px\" \/><\/p>\n","protected":false},"excerpt":{"rendered":"<p>O desafio que t\u00ednhamos pela frente era muito simples: t\u00ednhamos que fazer melhor do que o ano passado. E fez-se! Aproximadamente 350 pe\u00e7as de arte pintadas e trabalhadas por cerca de 180 artistas de 25 pa\u00edses foram apresentadas ao p\u00fablico na Galeria Tempor\u00e1ria da Newark Warehouse, localizada no 110 Edison Place, em Newark.<\/p>\n","protected":false},"author":1,"featured_media":25401,"comment_status":"open","ping_status":"open","sticky":false,"template":"","format":"standard","meta":{"_links_to":"","_links_to_target":""},"categories":[4,19,1],"tags":[],"views":3082,"_links":{"self":[{"href":"https:\/\/www.brazilianpress.com\/v1\/wp-json\/wp\/v2\/posts\/25391"}],"collection":[{"href":"https:\/\/www.brazilianpress.com\/v1\/wp-json\/wp\/v2\/posts"}],"about":[{"href":"https:\/\/www.brazilianpress.com\/v1\/wp-json\/wp\/v2\/types\/post"}],"author":[{"embeddable":true,"href":"https:\/\/www.brazilianpress.com\/v1\/wp-json\/wp\/v2\/users\/1"}],"replies":[{"embeddable":true,"href":"https:\/\/www.brazilianpress.com\/v1\/wp-json\/wp\/v2\/comments?post=25391"}],"version-history":[{"count":1,"href":"https:\/\/www.brazilianpress.com\/v1\/wp-json\/wp\/v2\/posts\/25391\/revisions"}],"predecessor-version":[{"id":25403,"href":"https:\/\/www.brazilianpress.com\/v1\/wp-json\/wp\/v2\/posts\/25391\/revisions\/25403"}],"wp:featuredmedia":[{"embeddable":true,"href":"https:\/\/www.brazilianpress.com\/v1\/wp-json\/wp\/v2\/media\/25401"}],"wp:attachment":[{"href":"https:\/\/www.brazilianpress.com\/v1\/wp-json\/wp\/v2\/media?parent=25391"}],"wp:term":[{"taxonomy":"category","embeddable":true,"href":"https:\/\/www.brazilianpress.com\/v1\/wp-json\/wp\/v2\/categories?post=25391"},{"taxonomy":"post_tag","embeddable":true,"href":"https:\/\/www.brazilianpress.com\/v1\/wp-json\/wp\/v2\/tags?post=25391"}],"curies":[{"name":"wp","href":"https:\/\/api.w.org\/{rel}","templated":true}]}}