{"id":25435,"date":"2016-10-27T13:26:36","date_gmt":"2016-10-27T17:26:36","guid":{"rendered":"http:\/\/www.brazilianpress.com\/v1\/?p=25435"},"modified":"2016-10-27T13:26:36","modified_gmt":"2016-10-27T17:26:36","slug":"francisco-sampa-sejamos-menos-corruptos-por-um-brasil-melhor","status":"publish","type":"post","link":"https:\/\/www.brazilianpress.com\/v1\/2016\/10\/27\/francisco-sampa-sejamos-menos-corruptos-por-um-brasil-melhor\/","title":{"rendered":"Francisco Sampa: Sejamos menos corruptos por um Brasil melhor"},"content":{"rendered":"<p><img loading=\"lazy\" class=\"alignright size-full wp-image-94\" src=\"http:\/\/www.brazilianpress.com\/v1\/wp-content\/uploads\/2013\/04\/francisco_sampa.jpg\" alt=\"francisco_sampa\" width=\"200\" height=\"300\" \/>Este \u00e9 o anseio\u00a0de mais de 200 milh\u00f5es de almas que moram\u00a0dentro ou fora das fronteiras\u00a0do gigante da Am\u00e9rica do Sul, mas a pergunta\u00a0que n\u00e3o cala dentro de mim \u00e9: \u201cO que eu fiz, o que todos n\u00f3s fizemos em prol de um Brasil melhor, um pa\u00eds justo,\u00a0 com equil\u00edbrio social, uma divis\u00e3o de renda equilibrada, uma justi\u00e7a cega\u00a0e imparcial, onde\u00a0todos seremos iguais de fato e de direito,\u00a0n\u00e3o\u00a0 apenas\u00a0 em folhas brancas\u00a0 ou amareladas\u00a0 pelo tempo onde\u00a0diz que todos somos iguais diante das\u00a0 leis e da Constitui\u00e7\u00e3o?\u00a0<!--more-->O que fizemos por\u00a0essa coitada\u00a0que\u00a0vive sendo mudada,\u00a0pior do que\u00a0pobre quando n\u00e3o paga o aluguel e vive de um canto para outro\u201d?<\/p>\n<p>A maioria de n\u00f3s\u00a0alardeamos\u00a0aos quatro cantos: \u201cEu tenho os meus direitos, eu conhe\u00e7o os meus direitos\u201d. \u00c9 justo lutar por algo conquistado, mas afinal\u00a0voc\u00ea conquistou esse direito que tanto\u00a0grita por ele???\u00a0 Ou\u00a0foi um direito que te deram de bandeja\u00a0como um \u201cCala boca Z\u00e9\u00a0Povinho\u201d?\u00a0 Ser\u00e1 que n\u00f3s cumprimos\u00a0com os nossos deveres?\u00a0A via \u00e9 de m\u00e3o dupla.\u00a0Para se reivindicar um direito, temos de\u00a0cumprir\u00a0com um ou v\u00e1rios deveres. \u00c9 coisa que nem sempre fazemos. Ser\u00e1\u00a0que se\u00a0cumpre com o dever\u00a0quando damos um cafezinho para o guarda para\u00a0n\u00e3o ser multado, compramos um CD ou DVD pirata, baixamos um programa pirata para n\u00e3o pagar o\u00a0pre\u00e7o de um original, cumprimos o dever quando s\u00f3 fazemos as coisas\u00a0obrigados por leis, como votar por exemplo?<\/p>\n<p>Apenas alguns\u00a0exemplos\u00a0neste universo de tantas coisas que fazemos\u00a0ou deixamos de cumprir.\u00a0Apenas\u00a0para nos livrarmos de encargos de toda a ordem \u00e9 f\u00e1cil reclamar,\u00a0brigar, espernear,\u00a0quando seria t\u00e3o f\u00e1cil reivindicar, mas para isso \u00e9 preciso estar\u00a0com os deveres e obriga\u00e7\u00f5es em dia e como sempre nunca estamos, tentamos resolver no grito, na base\u00a0do \u201ceu tenho os meus direitos\u201d. Pois bem\u00a0gente brasilis, rapadura \u00e9 doce, mas n\u00e3o \u00e9 mole,\u00a0mesmo assim, ela derrete e quando\u00a0isso acontece, a coisa fica uma meleca daquelas.<\/p>\n<p>Assim \u00e9 a situa\u00e7\u00e3o de quem n\u00e3o cumpre com seus os deveres, mas\u00a0abre a bocarra\u00a0para\u00a0dizer que tem os seus direitos, enquanto que a grande maioria\u00a0n\u00e3o se conscientiza dessa\u00a0regra b\u00e1sica\u00a0dos dois \u201cd\u00eas\u201d:\u00a0deveres e direitos. Pode\u00a0ser que este dia chegue para todos e\u00a0quando isso ocorrer,\u00a0com certeza teremos um pa\u00eds menos injusto, um povo menos explorado, onde<\/p>\n<p>o bicho que se acha maior quer engolir o menor, onde se gasta mais\u00a0 grana para se cuidar de um c\u00e3o e\u00a0n\u00e3o se paga um sal\u00e1rio justo ao ser\u00a0 humano que luta\u00a0pelo\u00a0p\u00e3o honesto de cada dia, onde \u00e9 bonito andar\u00a0com uma roupa\u00a0pirata de\u00a0uma grife famosa,\u00a0ao inv\u00e9s de um original\u00a0 simples,\u00a0 e mais, paga pelo que n\u00e3o \u00e9 para se\u00a0aparecer\u00a0como\u00a0n\u00e3o se \u00e9.<\/p>\n<p>E assim vamos caminhando e falta muito para se construir este pa\u00eds, mas ele existe e\u00a0est\u00e1 t\u00e3o perto,\u00a0pois vive dentro de todos n\u00f3s brasileiros, quando assumirmos nossos defeitos e tentarmos melhorar o fantasma da submiss\u00e3o, da s\u00edndrome de vira-lata,\u00a0estejam certos, seremos\u00a0um povo rico,\u00a0altaneiro, n\u00e3o apenas como nos\u00a0versos de Caymmi,\u00a0mas realistas e cientes de\u00a0nossas qualidades e deveres\u00a0e dos direitos com justi\u00e7a e igualdade, a\u00ed seremos bem vistos aos olhos\u00a0dos homens e de Deus. A todos uma boa semana.\u00a0Das margens do Atl\u00e2ntico, \u00e0 sombra do jenipapeiro,\u00a0um cordial sampra\u00e7o.<\/p>\n","protected":false},"excerpt":{"rendered":"<p>Este \u00e9 o anseio\u00a0de mais de 200 milh\u00f5es de almas que moram\u00a0dentro ou fora das fronteiras\u00a0do gigante da Am\u00e9rica do Sul, mas a pergunta\u00a0que n\u00e3o cala dentro de mim \u00e9: \u201cO que eu fiz, o que todos n\u00f3s fizemos em prol de um Brasil melhor, um pa\u00eds justo,\u00a0 com equil\u00edbrio social, uma divis\u00e3o de renda equilibrada, uma justi\u00e7a cega\u00a0e imparcial, onde\u00a0todos seremos iguais de fato e de direito,\u00a0n\u00e3o\u00a0 apenas\u00a0 em folhas brancas\u00a0 ou amareladas\u00a0 pelo tempo onde\u00a0diz que todos somos iguais diante das\u00a0 leis e da Constitui\u00e7\u00e3o?\u00a0<\/p>\n","protected":false},"author":1,"featured_media":94,"comment_status":"open","ping_status":"open","sticky":false,"template":"","format":"standard","meta":{"_links_to":"","_links_to_target":""},"categories":[17,1],"tags":[],"views":17411,"_links":{"self":[{"href":"https:\/\/www.brazilianpress.com\/v1\/wp-json\/wp\/v2\/posts\/25435"}],"collection":[{"href":"https:\/\/www.brazilianpress.com\/v1\/wp-json\/wp\/v2\/posts"}],"about":[{"href":"https:\/\/www.brazilianpress.com\/v1\/wp-json\/wp\/v2\/types\/post"}],"author":[{"embeddable":true,"href":"https:\/\/www.brazilianpress.com\/v1\/wp-json\/wp\/v2\/users\/1"}],"replies":[{"embeddable":true,"href":"https:\/\/www.brazilianpress.com\/v1\/wp-json\/wp\/v2\/comments?post=25435"}],"version-history":[{"count":1,"href":"https:\/\/www.brazilianpress.com\/v1\/wp-json\/wp\/v2\/posts\/25435\/revisions"}],"predecessor-version":[{"id":25436,"href":"https:\/\/www.brazilianpress.com\/v1\/wp-json\/wp\/v2\/posts\/25435\/revisions\/25436"}],"wp:featuredmedia":[{"embeddable":true,"href":"https:\/\/www.brazilianpress.com\/v1\/wp-json\/wp\/v2\/media\/94"}],"wp:attachment":[{"href":"https:\/\/www.brazilianpress.com\/v1\/wp-json\/wp\/v2\/media?parent=25435"}],"wp:term":[{"taxonomy":"category","embeddable":true,"href":"https:\/\/www.brazilianpress.com\/v1\/wp-json\/wp\/v2\/categories?post=25435"},{"taxonomy":"post_tag","embeddable":true,"href":"https:\/\/www.brazilianpress.com\/v1\/wp-json\/wp\/v2\/tags?post=25435"}],"curies":[{"name":"wp","href":"https:\/\/api.w.org\/{rel}","templated":true}]}}