{"id":25437,"date":"2016-10-27T13:28:35","date_gmt":"2016-10-27T17:28:35","guid":{"rendered":"http:\/\/www.brazilianpress.com\/v1\/?p=25437"},"modified":"2016-10-27T13:28:35","modified_gmt":"2016-10-27T17:28:35","slug":"lea-campos-pioneirismo-de-luto","status":"publish","type":"post","link":"https:\/\/www.brazilianpress.com\/v1\/2016\/10\/27\/lea-campos-pioneirismo-de-luto\/","title":{"rendered":"L\u00e9a Campos: Pioneirismo de Luto"},"content":{"rendered":"<p><img loading=\"lazy\" class=\"alignright size-full wp-image-25438\" src=\"http:\/\/www.brazilianpress.com\/v1\/wp-content\/uploads\/2016\/10\/equipe-radio-mulher-lea.jpg\" alt=\"equipe-radio-mulher-lea\" width=\"300\" height=\"144\" \/>\u00c9 muito triste quando temos que dar adeus a algu\u00e9m com quem convivemos, mesmo que por pouco tempo.<\/p>\n<p>J\u00e1 tive a oportunidade de falar em minhas cr\u00f4nicas sobre a R\u00e1dio Mulher, uma emissora onde somente os donos eram homens, at\u00e9 para dirigir os carros era mulher.<!--more--><\/p>\n<p>Na d\u00e9cada de 70 nascia a pioneira em transmiss\u00f5es esportivas em especial o futebol.<\/p>\n<p>Tive o privil\u00e9gio de fazer parte da equipe pioneira que contava com as seguintes integrantes:<\/p>\n<p>Zuleide Ranieri, (narradora), Jurema Yara (comentarista), Germana Garilli<\/p>\n<p>(rep\u00f3rter de campo), Regina (respons\u00e1vel pela t\u00e9cnica no campo e na r\u00e1dio), &#8220;Tia&#8221; Tereza (nossa motorista) e eu nos coment\u00e1rios de arbitragem.<\/p>\n<p>Zuleide nasceu em Fortaleza de Minas, mas foi criada em S\u00e3o Paulo, torcedora do Atl\u00e9tico Mineiro e do S\u00e3o Paulo.<\/p>\n<p>Zuleide agora vai narrar os jogos entre os anjos.<\/p>\n<p>Faleceu na semana passada em S\u00e3o Paulo v\u00edtima de infarto.<\/p>\n<p>Z\u00fa, como era carinhosamente chamada, deixou marcas indel\u00e9veis.<\/p>\n<p>Sua forma de abrir as jornadas parafraseando outro grande narrador Fiori Gigliotti (Jovem Pan) &#8220;Abrem-se as cortinas e come\u00e7a o espet\u00e1culo&#8221; deixou de ser ouvida ainda na d\u00e9cada de 70 quando a emissora foi vendida e o novo propriet\u00e1rio n\u00e3o manteve a equipe feminina apesar do sucesso entre o p\u00fablico e os empres\u00e1rios.<\/p>\n<p>Ela \u00e9 respons\u00e1vel pela frase que imortalizou o goleiro Le\u00e3o, segunda ela &#8220;o goleiro das pernas mais bonitas do futebol&#8221;.<\/p>\n<p>N\u00e3o posso me esquecer de um epis\u00f3dio que aconteceu quando um tarado atacou uma colega, que fazia um programa noturno e saia de madrugada da emissora.<\/p>\n<p>A pol\u00edcia foi acionada e os policiais ficaram na R\u00e1dio por alguns dias na esperan\u00e7a de prender o indiv\u00edduo, o que nos deixava tensas e nervosas.<\/p>\n<p>Foi Zuleide que nos tirou do abismo, sem mais nem menos ela desceu para a rua, e no meio das \u00e1rvores que havia em frente ao pr\u00e9dio da R\u00e1dio, na Granja Julieta em Santo Amaro, ela come\u00e7ou a gritar: &#8220;Socorro, socorro, me ajudem&#8221;, descemos todos apesar da oposi\u00e7\u00e3o dos policiais, e perguntei a ela \u201co que aconteceu Z\u00fa?\u201d<\/p>\n<p>&#8220;Onde est\u00e1 o tarado? Por que n\u00e3o aparece?&#8221; \u00a0Apesar do nervosismo do momento, a atitude e irrever\u00eancia da colega nos descontraiu e diminuiu a tens\u00e3o em\u00a0que est\u00e1vamos.<\/p>\n<p>Sr.Montoro, propriet\u00e1rio da R\u00e1dio quis puni-la, mas intercedemos por ela, inclusive os policiais e tudo voltou \u00e0 normalidade.<\/p>\n<p>Essa era Zuleide, s\u00e9ria quando o momento o exigia, mas descontra\u00edda quando era necess\u00e1rio.<\/p>\n<p>Todas que fizemos parte da R\u00e1dio Mulher e que tivemos o privil\u00e9gio de conviver com ela sentiremos falta de suas brincadeiras.<\/p>\n<p>Fecham-se as cortinas e termina o espet\u00e1culo, digo eu.<\/p>\n<p>Que Deus a receba em sua Santa Gl\u00f3ria e d\u00ea a ela o descanso necess\u00e1rio.<\/p>\n<p>Meus p\u00easames ao Paulo e muita fortaleza para que a netinha dela entenda a aus\u00eancia da vov\u00f3.<\/p>\n<p>OBS: Na foto da esquerda para a direita: L\u00e9a, Zuleide, Germana, Jurema Yara e Regina.<\/p>\n<p>&nbsp;<\/p>\n<p><strong><em>Informar \u00e9 um privil\u00e9gio, informar corretamente uma obriga\u00e7\u00e3o.<\/p>\n<p>L\u00e9a Campos&#8217;<\/em><\/strong><\/p>\n","protected":false},"excerpt":{"rendered":"<p>\u00c9 muito triste quando temos que dar adeus a algu\u00e9m com quem convivemos, mesmo que por pouco tempo. J\u00e1 tive a oportunidade de falar em minhas cr\u00f4nicas sobre a R\u00e1dio Mulher, uma emissora onde somente os donos eram homens, at\u00e9 para dirigir os carros era mulher.<\/p>\n","protected":false},"author":1,"featured_media":25438,"comment_status":"open","ping_status":"open","sticky":false,"template":"","format":"standard","meta":{"_links_to":"","_links_to_target":""},"categories":[15,1],"tags":[],"views":2847,"_links":{"self":[{"href":"https:\/\/www.brazilianpress.com\/v1\/wp-json\/wp\/v2\/posts\/25437"}],"collection":[{"href":"https:\/\/www.brazilianpress.com\/v1\/wp-json\/wp\/v2\/posts"}],"about":[{"href":"https:\/\/www.brazilianpress.com\/v1\/wp-json\/wp\/v2\/types\/post"}],"author":[{"embeddable":true,"href":"https:\/\/www.brazilianpress.com\/v1\/wp-json\/wp\/v2\/users\/1"}],"replies":[{"embeddable":true,"href":"https:\/\/www.brazilianpress.com\/v1\/wp-json\/wp\/v2\/comments?post=25437"}],"version-history":[{"count":1,"href":"https:\/\/www.brazilianpress.com\/v1\/wp-json\/wp\/v2\/posts\/25437\/revisions"}],"predecessor-version":[{"id":25439,"href":"https:\/\/www.brazilianpress.com\/v1\/wp-json\/wp\/v2\/posts\/25437\/revisions\/25439"}],"wp:featuredmedia":[{"embeddable":true,"href":"https:\/\/www.brazilianpress.com\/v1\/wp-json\/wp\/v2\/media\/25438"}],"wp:attachment":[{"href":"https:\/\/www.brazilianpress.com\/v1\/wp-json\/wp\/v2\/media?parent=25437"}],"wp:term":[{"taxonomy":"category","embeddable":true,"href":"https:\/\/www.brazilianpress.com\/v1\/wp-json\/wp\/v2\/categories?post=25437"},{"taxonomy":"post_tag","embeddable":true,"href":"https:\/\/www.brazilianpress.com\/v1\/wp-json\/wp\/v2\/tags?post=25437"}],"curies":[{"name":"wp","href":"https:\/\/api.w.org\/{rel}","templated":true}]}}