{"id":25451,"date":"2016-10-27T13:40:52","date_gmt":"2016-10-27T17:40:52","guid":{"rendered":"http:\/\/www.brazilianpress.com\/v1\/?p=25451"},"modified":"2016-10-27T13:40:52","modified_gmt":"2016-10-27T17:40:52","slug":"laterais-nao-convencem-e-cruzeiro-tenta-reforcar-lado-esquerdo-para-2017","status":"publish","type":"post","link":"https:\/\/www.brazilianpress.com\/v1\/2016\/10\/27\/laterais-nao-convencem-e-cruzeiro-tenta-reforcar-lado-esquerdo-para-2017\/","title":{"rendered":"Laterais n\u00e3o convencem e Cruzeiro tenta refor\u00e7ar lado esquerdo para 2017"},"content":{"rendered":"<p><img loading=\"lazy\" class=\"alignnone size-full wp-image-25452\" src=\"http:\/\/www.brazilianpress.com\/v1\/wp-content\/uploads\/2016\/10\/mano-menezes-cruzeiro.jpg\" alt=\"mano-menezes-cruzeiro\" width=\"500\" height=\"300\" srcset=\"https:\/\/www.brazilianpress.com\/v1\/wp-content\/uploads\/2016\/10\/mano-menezes-cruzeiro.jpg 500w, https:\/\/www.brazilianpress.com\/v1\/wp-content\/uploads\/2016\/10\/mano-menezes-cruzeiro-300x180.jpg 300w\" sizes=\"(max-width: 500px) 100vw, 500px\" \/><\/p>\n<p>Embora Edimar seja titular absoluto do Cruzeiro com Mano Menezes, diretoria e comiss\u00e3o t\u00e9cnica procuram um atleta para refor\u00e7ar a lateral esquerda. Dois nomes j\u00e1 foram consultados: Diogo Barbosa, do Botafogo, e Ren\u00ea, do Sport.<!--more--><\/p>\n<p>Contratado a pedido de Paulo Bento, o atual titular da posi\u00e7\u00e3o encontrou n\u00e3o \u00e9 uma unanimidade. O clube, portanto, j\u00e1 vislumbra a chegada de pelo menos dois jogadores para refor\u00e7ar o setor.<\/p>\n<p>Os nomes dos alvos j\u00e1 foram revelados. O mais desejado \u00e9 Ren\u00ea, de 24 anos. Atualmente no Sport, o jogador \u00e9 avaliado em cerca de R$ 15 milh\u00f5es. Este pelo menos \u00e9 o pedido feito pela diretoria para liber\u00e1-lo.<\/p>\n<p>A primeira negocia\u00e7\u00e3o para a sa\u00edda do jogador ocorreu em dezembro passado. \u00c0 \u00e9poca, os mineiros fizeram uma consulta e o Dnipro tentou a sua contrata\u00e7\u00e3o. Os pernambucanos, por\u00e9m, recusaram a proposta de R$ 12 milh\u00f5es pela sa\u00edda do jogador.<\/p>\n<p>Marcos Portela, empres\u00e1rio de Ren\u00ea, foi procurado para conversar sobre a possibilidade de transfer\u00eancia em janeiro de 2017. Como o contrato do atleta com o time nordestino se encerra somente em dezembro do pr\u00f3ximo ano, \u00e9 necess\u00e1rio que haja acordo entre as agremia\u00e7\u00f5es.<\/p>\n<p>O lateral esquerdo do Sport, contudo, n\u00e3o \u00e9 o \u00fanico desejo para a temporada que se aproxima. A diretoria sonha tamb\u00e9m com a chegada de Diogo Barbosa. Uma pessoa ligada \u00e0 c\u00fapula do Cruzeiro confirma que o desejo \u00e9 ter os dois no elenco a partir de 2017.<\/p>\n<p>A situa\u00e7\u00e3o de Diogo \u00e9 mais simples. Com os direitos presos ao Coimbra-MG, ligado ao Banco BMG, o jogador pode deixar o Botafogo, clube com o qual tem contrato at\u00e9 dezembro do pr\u00f3ximo ano, a qualquer momento. H\u00e1 uma cl\u00e1usula que permite a sa\u00edda de General Severiano em caso de compra da parte que pertence \u00e0 institui\u00e7\u00e3o financeira.<\/p>\n<p>O Cruzeiro j\u00e1 entrou em contato com Hyssa Elias Moys\u00e9s, diretor do Banco BMG, para saber a situa\u00e7\u00e3o do jogador. A inten\u00e7\u00e3o do detentor dos direitos do lateral \u00e9 negoci\u00e1-lo ao t\u00e9rmino desta edi\u00e7\u00e3o do Campeonato Brasileiro.<\/p>\n<p>A busca dos mineiros por atletas que atuem na lateral esquerda se deve ao fato de Edimar e Bryan n\u00e3o terem convencido totalmente comiss\u00e3o t\u00e9cnica e diretoria. Por mais que o primeiro apare\u00e7a constantemente na escala\u00e7\u00e3o de Mano Menezes, ele ainda n\u00e3o \u00e9 uma unanimidade nos bastidores da Toca da Raposa II.<\/p>\n","protected":false},"excerpt":{"rendered":"<p>Embora Edimar seja titular absoluto do Cruzeiro com Mano Menezes, diretoria e comiss\u00e3o t\u00e9cnica procuram um atleta para refor\u00e7ar a lateral esquerda. Dois nomes j\u00e1 foram consultados: Diogo Barbosa, do Botafogo, e Ren\u00ea, do Sport.<\/p>\n","protected":false},"author":1,"featured_media":25452,"comment_status":"open","ping_status":"open","sticky":false,"template":"","format":"standard","meta":{"_links_to":"","_links_to_target":""},"categories":[9,1],"tags":[],"views":2050,"_links":{"self":[{"href":"https:\/\/www.brazilianpress.com\/v1\/wp-json\/wp\/v2\/posts\/25451"}],"collection":[{"href":"https:\/\/www.brazilianpress.com\/v1\/wp-json\/wp\/v2\/posts"}],"about":[{"href":"https:\/\/www.brazilianpress.com\/v1\/wp-json\/wp\/v2\/types\/post"}],"author":[{"embeddable":true,"href":"https:\/\/www.brazilianpress.com\/v1\/wp-json\/wp\/v2\/users\/1"}],"replies":[{"embeddable":true,"href":"https:\/\/www.brazilianpress.com\/v1\/wp-json\/wp\/v2\/comments?post=25451"}],"version-history":[{"count":1,"href":"https:\/\/www.brazilianpress.com\/v1\/wp-json\/wp\/v2\/posts\/25451\/revisions"}],"predecessor-version":[{"id":25453,"href":"https:\/\/www.brazilianpress.com\/v1\/wp-json\/wp\/v2\/posts\/25451\/revisions\/25453"}],"wp:featuredmedia":[{"embeddable":true,"href":"https:\/\/www.brazilianpress.com\/v1\/wp-json\/wp\/v2\/media\/25452"}],"wp:attachment":[{"href":"https:\/\/www.brazilianpress.com\/v1\/wp-json\/wp\/v2\/media?parent=25451"}],"wp:term":[{"taxonomy":"category","embeddable":true,"href":"https:\/\/www.brazilianpress.com\/v1\/wp-json\/wp\/v2\/categories?post=25451"},{"taxonomy":"post_tag","embeddable":true,"href":"https:\/\/www.brazilianpress.com\/v1\/wp-json\/wp\/v2\/tags?post=25451"}],"curies":[{"name":"wp","href":"https:\/\/api.w.org\/{rel}","templated":true}]}}