{"id":25454,"date":"2016-10-27T13:46:16","date_gmt":"2016-10-27T17:46:16","guid":{"rendered":"http:\/\/www.brazilianpress.com\/v1\/?p=25454"},"modified":"2016-10-27T16:06:05","modified_gmt":"2016-10-27T20:06:05","slug":"da-selecao-para-o-banco-marcelo-oliveira-indica-rafael-carioca-na-reserva","status":"publish","type":"post","link":"https:\/\/www.brazilianpress.com\/v1\/2016\/10\/27\/da-selecao-para-o-banco-marcelo-oliveira-indica-rafael-carioca-na-reserva\/","title":{"rendered":"Da sele\u00e7\u00e3o para o banco? Marcelo Oliveira indica Rafael Carioca na reserva"},"content":{"rendered":"<p><img loading=\"lazy\" class=\"alignnone size-full wp-image-25455\" src=\"http:\/\/www.brazilianpress.com\/v1\/wp-content\/uploads\/2016\/10\/rafael-carioca-atletico-mg.jpg\" alt=\"rafael-carioca-atletico-mg\" width=\"500\" height=\"300\" srcset=\"https:\/\/www.brazilianpress.com\/v1\/wp-content\/uploads\/2016\/10\/rafael-carioca-atletico-mg.jpg 500w, https:\/\/www.brazilianpress.com\/v1\/wp-content\/uploads\/2016\/10\/rafael-carioca-atletico-mg-300x180.jpg 300w\" sizes=\"(max-width: 500px) 100vw, 500px\" \/><\/p>\n<p>A temporada 2016 come\u00e7ou com grande expectativa para Rafael Carioca. Considerado um dos melhores jogadores do Campeonato Brasileiro do ano anterior, o volante do Atl\u00e9tico-MG abriu o ano com a esperan\u00e7a de ser convocado para a sele\u00e7\u00e3o brasileira. E a convoca\u00e7\u00e3o veio, duas vezes, para jogos pelas Eliminat\u00f3rias da Copa do Mundo.<!--more--><\/p>\n<p>Mas logo ap\u00f3s as duas convoca\u00e7\u00f5es feitas por Tite, Rafael pode perder a posi\u00e7\u00e3o no pr\u00f3prio clube. Pelo menos foi o que indicou o t\u00e9cnico Marcelo Oliveira. Como Rafael Carioca caiu de rendimento nas rodadas anteriores e os concorrentes dentro do Atl\u00e9tico est\u00e3o bem, especialmente J\u00fanior Urso, o selecion\u00e1vel pode ir parar no banco de reservas.<\/p>\n<p>&#8220;Eu avalio da seguinte forma. O futebol hoje, sem uma marca\u00e7\u00e3o forte, sem encurtar e todo mundo n\u00e3o participando, voc\u00ea d\u00e1 muita vantagem para o advers\u00e1rio. Temos de fazer isso com mais precis\u00e3o. \u00c9 chegar depois do jogo e ver quantas bolas roubaram cada um e o time como um todo&#8221;, disse o treinador atleticano ap\u00f3s a vit\u00f3ria sobre o Figueirense.<\/p>\n<p>Especificamente no jogo diante da equipe catarinense, quando a dupla de volantes foi formada por Leandro Donizete e J\u00fanior Urso, o Atl\u00e9tico roubou 18 bolas. Urso, mais uma vez, foi o destaque, com quatro desarmes, se tornando o jogador alvinegro mais roubadas corretas do elenco. J\u00e1 Leandro Donizete desarmou os advers\u00e1rios duas vezes e segue como o quinto com mais bolas roubadas, atr\u00e1s de Rafael Carioca, o quarto colocado.<\/p>\n<p>E na disputa do trio por duas vagas, J\u00fanior Urso parece estar em vantagem. Al\u00e9m de ser o volante do Atl\u00e9tico com mais desarmes certos, ele tamb\u00e9m aparece na lista de artilheiros do clube em 2016. S\u00e3o sete gols no ano, atr\u00e1s somente dos jogadores de ataque. &#8220;Como tenho esses dois dias para pensar e estudar, n\u00f3s vamos fazer isso. Mas j\u00e1 adianto que gostei muito dessa forma\u00e7\u00e3o. Os jogadores marcavam bem e o Urso ainda chegou bem na frente algumas vezes, como a gente espera de um volante&#8221;, completou Marcelo Oliveira.<\/p>\n","protected":false},"excerpt":{"rendered":"<p>A temporada 2016 come\u00e7ou com grande expectativa para Rafael Carioca. Considerado um dos melhores jogadores do Campeonato Brasileiro do ano anterior, o volante do Atl\u00e9tico-MG abriu o ano com a esperan\u00e7a de ser convocado para a sele\u00e7\u00e3o brasileira. E a convoca\u00e7\u00e3o veio, duas vezes, para jogos pelas Eliminat\u00f3rias da Copa do Mundo.<\/p>\n","protected":false},"author":1,"featured_media":25455,"comment_status":"open","ping_status":"open","sticky":false,"template":"","format":"standard","meta":{"_links_to":"","_links_to_target":""},"categories":[9,1],"tags":[],"views":1963,"_links":{"self":[{"href":"https:\/\/www.brazilianpress.com\/v1\/wp-json\/wp\/v2\/posts\/25454"}],"collection":[{"href":"https:\/\/www.brazilianpress.com\/v1\/wp-json\/wp\/v2\/posts"}],"about":[{"href":"https:\/\/www.brazilianpress.com\/v1\/wp-json\/wp\/v2\/types\/post"}],"author":[{"embeddable":true,"href":"https:\/\/www.brazilianpress.com\/v1\/wp-json\/wp\/v2\/users\/1"}],"replies":[{"embeddable":true,"href":"https:\/\/www.brazilianpress.com\/v1\/wp-json\/wp\/v2\/comments?post=25454"}],"version-history":[{"count":1,"href":"https:\/\/www.brazilianpress.com\/v1\/wp-json\/wp\/v2\/posts\/25454\/revisions"}],"predecessor-version":[{"id":25456,"href":"https:\/\/www.brazilianpress.com\/v1\/wp-json\/wp\/v2\/posts\/25454\/revisions\/25456"}],"wp:featuredmedia":[{"embeddable":true,"href":"https:\/\/www.brazilianpress.com\/v1\/wp-json\/wp\/v2\/media\/25455"}],"wp:attachment":[{"href":"https:\/\/www.brazilianpress.com\/v1\/wp-json\/wp\/v2\/media?parent=25454"}],"wp:term":[{"taxonomy":"category","embeddable":true,"href":"https:\/\/www.brazilianpress.com\/v1\/wp-json\/wp\/v2\/categories?post=25454"},{"taxonomy":"post_tag","embeddable":true,"href":"https:\/\/www.brazilianpress.com\/v1\/wp-json\/wp\/v2\/tags?post=25454"}],"curies":[{"name":"wp","href":"https:\/\/api.w.org\/{rel}","templated":true}]}}