{"id":25705,"date":"2016-11-10T15:58:29","date_gmt":"2016-11-10T19:58:29","guid":{"rendered":"http:\/\/www.brazilianpress.com\/v1\/?p=25705"},"modified":"2016-11-10T15:58:29","modified_gmt":"2016-11-10T19:58:29","slug":"flashes-2nd-international-choro-festival-em-new-york","status":"publish","type":"post","link":"https:\/\/www.brazilianpress.com\/v1\/2016\/11\/10\/flashes-2nd-international-choro-festival-em-new-york\/","title":{"rendered":"Flashes 2nd International Choro Festival em New York"},"content":{"rendered":"<p><img loading=\"lazy\" class=\"alignnone size-full wp-image-25706\" src=\"http:\/\/www.brazilianpress.com\/v1\/wp-content\/uploads\/2016\/11\/choro-festival-new-york-3.jpg\" alt=\"choro-festival-new-york-3\" width=\"500\" height=\"375\" srcset=\"https:\/\/www.brazilianpress.com\/v1\/wp-content\/uploads\/2016\/11\/choro-festival-new-york-3.jpg 500w, https:\/\/www.brazilianpress.com\/v1\/wp-content\/uploads\/2016\/11\/choro-festival-new-york-3-300x225.jpg 300w\" sizes=\"(max-width: 500px) 100vw, 500px\" \/><\/p>\n<p>RCosta- F\u00e3s e entusiastas do celebrado g\u00eanero musical Choro, estilo de samba melanc\u00f3lico e de velocidade r\u00e1pida originalmente brasileiro, participaram do 2nd International Choro Festival realizado no \u00faltimo fim de semana em Manhattan.<!--more--> O evento foi realizado pela Brazilian Music Foundation em colabora\u00e7\u00e3o com o Consulado Brasileiro em New York e outras organiza\u00e7\u00f5es. O teatro do Hunter College na Park Avenue ficou lotado pelo p\u00fablico presente incluindo autoridades como a Sra. embaixadora Ana Lucy Gentil Cabral Petersen, representante do consulado brasileiro em New York e outras figuras ilustres. Veja as fotos exclusivas.<\/p>\n<p><img loading=\"lazy\" class=\"alignnone size-full wp-image-25707\" src=\"http:\/\/www.brazilianpress.com\/v1\/wp-content\/uploads\/2016\/11\/choro-festival-new-york-2.jpg\" alt=\"choro-festival-new-york-2\" width=\"500\" height=\"667\" srcset=\"https:\/\/www.brazilianpress.com\/v1\/wp-content\/uploads\/2016\/11\/choro-festival-new-york-2.jpg 500w, https:\/\/www.brazilianpress.com\/v1\/wp-content\/uploads\/2016\/11\/choro-festival-new-york-2-225x300.jpg 225w\" sizes=\"(max-width: 500px) 100vw, 500px\" \/> <img loading=\"lazy\" class=\"alignnone size-full wp-image-25708\" src=\"http:\/\/www.brazilianpress.com\/v1\/wp-content\/uploads\/2016\/11\/choro-festival-new-york-4.jpg\" alt=\"choro-festival-new-york-4\" width=\"500\" height=\"375\" srcset=\"https:\/\/www.brazilianpress.com\/v1\/wp-content\/uploads\/2016\/11\/choro-festival-new-york-4.jpg 500w, https:\/\/www.brazilianpress.com\/v1\/wp-content\/uploads\/2016\/11\/choro-festival-new-york-4-300x225.jpg 300w\" sizes=\"(max-width: 500px) 100vw, 500px\" \/> <img loading=\"lazy\" class=\"alignnone size-full wp-image-25709\" src=\"http:\/\/www.brazilianpress.com\/v1\/wp-content\/uploads\/2016\/11\/choro-festival-new-york-5.jpg\" alt=\"choro-festival-new-york-5\" width=\"500\" height=\"375\" srcset=\"https:\/\/www.brazilianpress.com\/v1\/wp-content\/uploads\/2016\/11\/choro-festival-new-york-5.jpg 500w, https:\/\/www.brazilianpress.com\/v1\/wp-content\/uploads\/2016\/11\/choro-festival-new-york-5-300x225.jpg 300w\" sizes=\"(max-width: 500px) 100vw, 500px\" \/> <img loading=\"lazy\" class=\"alignnone size-full wp-image-25710\" src=\"http:\/\/www.brazilianpress.com\/v1\/wp-content\/uploads\/2016\/11\/choro-festival-new-york-1.jpg\" alt=\"choro-festival-new-york-1\" width=\"500\" height=\"375\" srcset=\"https:\/\/www.brazilianpress.com\/v1\/wp-content\/uploads\/2016\/11\/choro-festival-new-york-1.jpg 500w, https:\/\/www.brazilianpress.com\/v1\/wp-content\/uploads\/2016\/11\/choro-festival-new-york-1-300x225.jpg 300w\" sizes=\"(max-width: 500px) 100vw, 500px\" \/><\/p>\n","protected":false},"excerpt":{"rendered":"<p>RCosta- F\u00e3s e entusiastas do celebrado g\u00eanero musical Choro, estilo de samba melanc\u00f3lico e de velocidade r\u00e1pida originalmente brasileiro, participaram do 2nd International Choro Festival realizado no \u00faltimo fim de semana em Manhattan.<\/p>\n","protected":false},"author":1,"featured_media":25706,"comment_status":"open","ping_status":"open","sticky":false,"template":"","format":"standard","meta":{"_links_to":"","_links_to_target":""},"categories":[4,19,1],"tags":[],"views":3094,"_links":{"self":[{"href":"https:\/\/www.brazilianpress.com\/v1\/wp-json\/wp\/v2\/posts\/25705"}],"collection":[{"href":"https:\/\/www.brazilianpress.com\/v1\/wp-json\/wp\/v2\/posts"}],"about":[{"href":"https:\/\/www.brazilianpress.com\/v1\/wp-json\/wp\/v2\/types\/post"}],"author":[{"embeddable":true,"href":"https:\/\/www.brazilianpress.com\/v1\/wp-json\/wp\/v2\/users\/1"}],"replies":[{"embeddable":true,"href":"https:\/\/www.brazilianpress.com\/v1\/wp-json\/wp\/v2\/comments?post=25705"}],"version-history":[{"count":1,"href":"https:\/\/www.brazilianpress.com\/v1\/wp-json\/wp\/v2\/posts\/25705\/revisions"}],"predecessor-version":[{"id":25711,"href":"https:\/\/www.brazilianpress.com\/v1\/wp-json\/wp\/v2\/posts\/25705\/revisions\/25711"}],"wp:featuredmedia":[{"embeddable":true,"href":"https:\/\/www.brazilianpress.com\/v1\/wp-json\/wp\/v2\/media\/25706"}],"wp:attachment":[{"href":"https:\/\/www.brazilianpress.com\/v1\/wp-json\/wp\/v2\/media?parent=25705"}],"wp:term":[{"taxonomy":"category","embeddable":true,"href":"https:\/\/www.brazilianpress.com\/v1\/wp-json\/wp\/v2\/categories?post=25705"},{"taxonomy":"post_tag","embeddable":true,"href":"https:\/\/www.brazilianpress.com\/v1\/wp-json\/wp\/v2\/tags?post=25705"}],"curies":[{"name":"wp","href":"https:\/\/api.w.org\/{rel}","templated":true}]}}