{"id":26345,"date":"2016-12-22T14:25:39","date_gmt":"2016-12-22T18:25:39","guid":{"rendered":"http:\/\/www.brazilianpress.com\/v1\/?p=26345"},"modified":"2016-12-22T14:25:39","modified_gmt":"2016-12-22T18:25:39","slug":"a-mae-que-luta-contra-memes-que-usam-fotos-de-seu-filho-de-3-anos-com-doenca-terminal","status":"publish","type":"post","link":"https:\/\/www.brazilianpress.com\/v1\/2016\/12\/22\/a-mae-que-luta-contra-memes-que-usam-fotos-de-seu-filho-de-3-anos-com-doenca-terminal\/","title":{"rendered":"A m\u00e3e que luta contra memes que usam fotos de seu filho de 3 anos com doen\u00e7a terminal"},"content":{"rendered":"<p><img loading=\"lazy\" class=\"alignnone size-full wp-image-26346\" src=\"http:\/\/www.brazilianpress.com\/v1\/wp-content\/uploads\/2016\/12\/memes-crianca-doenca-mae.jpg\" alt=\"memes-crianca-doenca-mae\" width=\"500\" height=\"281\" srcset=\"https:\/\/www.brazilianpress.com\/v1\/wp-content\/uploads\/2016\/12\/memes-crianca-doenca-mae.jpg 500w, https:\/\/www.brazilianpress.com\/v1\/wp-content\/uploads\/2016\/12\/memes-crianca-doenca-mae-300x169.jpg 300w\" sizes=\"(max-width: 500px) 100vw, 500px\" \/><\/p>\n<p>Grayson Smith tem apenas tr\u00eas anos de idade e sofre de doen\u00e7a terminal. Mas nada disso impediu que sua imagem fosse alvo de piadas nas redes sociais.<\/p>\n<p>A m\u00e3e dele decidiu, por\u00e9m, combater as mensagens zombando de Grayson &#8211; e ela n\u00e3o \u00e9 a \u00fanica m\u00e3e empenhada nessa luta.<!--more--><\/p>\n<p>O garoto nasceu numa cidade na \u00e1rea rural do Estado americano do Alabama, no sul dos EUA.<\/p>\n<p>Ele tem v\u00e1rias doen\u00e7as, entre elas epilepsia, apneia, um defeito no cora\u00e7\u00e3o e protuber\u00e2ncias do tecido cerebral em v\u00e1rias partes do cr\u00e2nio.<\/p>\n<p>Segundo a m\u00e3e dele, Jenny, no nascimento os m\u00e9dicos lhe deram no m\u00e1ximo duas semanas de vida. Tr\u00eas anos e meio depois, no entanto, o menino segue desafiando todos os progn\u00f3sticos.<\/p>\n<p>Ela diz que, embora tenha passado por 24 cirurgias cerebrais, o filho \u00e9 uma crian\u00e7a alegre e inteligente.<\/p>\n<p>Mas Grayson tamb\u00e9m se tornou o protagonista involunt\u00e1rio de v\u00e1rios memes na internet.<\/p>\n<h2>Combate \u00e0 crueldade<\/h2>\n<p>Tudo come\u00e7ou quando Jenny decidiu criar uma p\u00e1gina no Facebook chamada\u00a0<em>Grayson&#8217;s Story<\/em> para documentar a vida do filho com fotos, v\u00eddeos e arrecadar dinheiro para seu tratamento.<\/p>\n<p>Rapidamente a p\u00e1gina conquistou mais de 20 mil seguidores.<\/p>\n<p>Mas em novembro Jenny ficou chocada ao descobrir que uma foto de Grayson tinha se tornado alvo de piadas.<\/p>\n<p>A foto mostrava o menino sorrindo e segurando uma ab\u00f3bora, com a legenda: &#8220;A cara que voc\u00ea faz quando seus pais na verdade s\u00e3o primos&#8221;. Era uma clara refer\u00eancia \u00e0 apar\u00eancia de Grayson.<\/p>\n<p>&#8220;Quando vi o meme, meu cora\u00e7\u00e3o deu um salto: era o primeiro passeio de Grayson em uma planta\u00e7\u00e3o e pela primeira vez ele havia escolhido uma ab\u00f3bora&#8221;, contou Jenny.<\/p>\n<p>&#8220;Decidi brigar porque n\u00e3o queria que ningu\u00e9m se apropriasse do que havia sido um dia t\u00e3o especial e o transformasse em algo t\u00e3o cruel&#8221;, acrescentou em entrevista \u00e0 BBC Trending.<\/p>\n<p>A primeira coisa que Jenny fez foi entrar em contato com as redes sociais e os administradores dos sites que estavam compartilhando o meme para que o apagassem.<\/p>\n<p>Alguns atenderam o pedido, outros simplesmente o ignoraram.<\/p>\n<p>Para responder \u00e0s piadas, Jenny criou um meme com uma foto dela segurando Grayson, que vestia uma camiseta de super-her\u00f3i, e a frase: &#8220;A cara que voc\u00ea faz quando segura o seu her\u00f3i&#8221;.<\/p>\n<p>O Facebook, por sua parte, disse \u00e0 BBC Trending que vai investigar o caso e citou seus &#8220;Padr\u00f5es da Comunidade&#8221;.<\/p>\n<p>Neles h\u00e1 a advert\u00eancia de que ser\u00e1 eliminado do Facebook &#8220;todo conte\u00fado que atacar diretamente pessoas em fun\u00e7\u00e3o de&#8230; ra\u00e7a, grupo \u00e9tnico, nacionalidade, religi\u00e3o, orienta\u00e7\u00e3o sexual, sexo, g\u00eanero ou identidade de g\u00eanero, defici\u00eancias ou doen\u00e7as graves&#8221;.<\/p>\n<p>Mas AliceAnn e Jenny procuraram derrotar os trolls em seu pr\u00f3prio territ\u00f3rio, publicando memes em que celebram a vida dos seus filhos.<\/p>\n<p>&#8220;Estamos dizendo que eles (os trolls) n\u00e3o v\u00e3o vencer&#8221;, disse Jenny.<\/p>\n<p>&#8220;A \u00fanica coisa que eles conseguiram foi nos tornar mais fortes: nossa comunidade se uniu e essas condi\u00e7\u00f5es m\u00e9dicas est\u00e3o sendo mais conhecidas. E a crueldade deles ajudou nossas fam\u00edlias a transformarem isso em uma experi\u00eancia positiva&#8221;, concluiu.<\/p>\n","protected":false},"excerpt":{"rendered":"<p>Grayson Smith tem apenas tr\u00eas anos de idade e sofre de doen\u00e7a terminal. Mas nada disso impediu que sua imagem fosse alvo de piadas nas redes sociais. A m\u00e3e dele decidiu, por\u00e9m, combater as mensagens zombando de Grayson &#8211; e ela n\u00e3o \u00e9 a \u00fanica m\u00e3e empenhada nessa luta.<\/p>\n","protected":false},"author":1,"featured_media":26346,"comment_status":"open","ping_status":"open","sticky":false,"template":"","format":"standard","meta":{"_links_to":"","_links_to_target":""},"categories":[4,1],"tags":[],"views":2500,"_links":{"self":[{"href":"https:\/\/www.brazilianpress.com\/v1\/wp-json\/wp\/v2\/posts\/26345"}],"collection":[{"href":"https:\/\/www.brazilianpress.com\/v1\/wp-json\/wp\/v2\/posts"}],"about":[{"href":"https:\/\/www.brazilianpress.com\/v1\/wp-json\/wp\/v2\/types\/post"}],"author":[{"embeddable":true,"href":"https:\/\/www.brazilianpress.com\/v1\/wp-json\/wp\/v2\/users\/1"}],"replies":[{"embeddable":true,"href":"https:\/\/www.brazilianpress.com\/v1\/wp-json\/wp\/v2\/comments?post=26345"}],"version-history":[{"count":1,"href":"https:\/\/www.brazilianpress.com\/v1\/wp-json\/wp\/v2\/posts\/26345\/revisions"}],"predecessor-version":[{"id":26347,"href":"https:\/\/www.brazilianpress.com\/v1\/wp-json\/wp\/v2\/posts\/26345\/revisions\/26347"}],"wp:featuredmedia":[{"embeddable":true,"href":"https:\/\/www.brazilianpress.com\/v1\/wp-json\/wp\/v2\/media\/26346"}],"wp:attachment":[{"href":"https:\/\/www.brazilianpress.com\/v1\/wp-json\/wp\/v2\/media?parent=26345"}],"wp:term":[{"taxonomy":"category","embeddable":true,"href":"https:\/\/www.brazilianpress.com\/v1\/wp-json\/wp\/v2\/categories?post=26345"},{"taxonomy":"post_tag","embeddable":true,"href":"https:\/\/www.brazilianpress.com\/v1\/wp-json\/wp\/v2\/tags?post=26345"}],"curies":[{"name":"wp","href":"https:\/\/api.w.org\/{rel}","templated":true}]}}