{"id":26384,"date":"2016-12-29T07:33:51","date_gmt":"2016-12-29T11:33:51","guid":{"rendered":"http:\/\/www.brazilianpress.com\/v1\/?p=26384"},"modified":"2017-01-05T08:43:59","modified_gmt":"2017-01-05T12:43:59","slug":"social-press-29122016","status":"publish","type":"post","link":"https:\/\/www.brazilianpress.com\/v1\/2016\/12\/29\/social-press-29122016\/","title":{"rendered":"Social Press . 29\/12\/2016"},"content":{"rendered":"<p><strong><em><img loading=\"lazy\" class=\"alignnone size-full wp-image-26375\" src=\"http:\/\/www.brazilianpress.com\/v1\/wp-content\/uploads\/2016\/12\/social-press-ed1816-20161229-1.jpg\" alt=\"social-press-ed1816-20161229-1\" width=\"450\" height=\"270\" srcset=\"https:\/\/www.brazilianpress.com\/v1\/wp-content\/uploads\/2016\/12\/social-press-ed1816-20161229-1.jpg 450w, https:\/\/www.brazilianpress.com\/v1\/wp-content\/uploads\/2016\/12\/social-press-ed1816-20161229-1-300x180.jpg 300w\" sizes=\"(max-width: 450px) 100vw, 450px\" \/><br \/>\nReuni\u00e3o dos irm\u00e3os\u00a0 De Souza comemorando o Natal\u00a0 2017<\/em><\/strong><\/p>\n<p><strong><em><img loading=\"lazy\" class=\"alignnone size-full wp-image-26376\" src=\"http:\/\/www.brazilianpress.com\/v1\/wp-content\/uploads\/2016\/12\/social-press-ed1816-20161229-2.jpg\" alt=\"social-press-ed1816-20161229-2\" width=\"450\" height=\"243\" srcset=\"https:\/\/www.brazilianpress.com\/v1\/wp-content\/uploads\/2016\/12\/social-press-ed1816-20161229-2.jpg 450w, https:\/\/www.brazilianpress.com\/v1\/wp-content\/uploads\/2016\/12\/social-press-ed1816-20161229-2-300x162.jpg 300w\" sizes=\"(max-width: 450px) 100vw, 450px\" \/><br \/>\nReuni\u00e3o\u00a0 de confraterniza\u00e7\u00e3o para clientes e amigos na sede do Advogado Flavio Boekel<\/em><\/strong><!--more--><\/p>\n<p><strong><em><img loading=\"lazy\" class=\"alignnone size-full wp-image-26377\" src=\"http:\/\/www.brazilianpress.com\/v1\/wp-content\/uploads\/2016\/12\/social-press-ed1816-20161229-3.jpg\" alt=\"social-press-ed1816-20161229-3\" width=\"450\" height=\"419\" srcset=\"https:\/\/www.brazilianpress.com\/v1\/wp-content\/uploads\/2016\/12\/social-press-ed1816-20161229-3.jpg 450w, https:\/\/www.brazilianpress.com\/v1\/wp-content\/uploads\/2016\/12\/social-press-ed1816-20161229-3-300x279.jpg 300w\" sizes=\"(max-width: 450px) 100vw, 450px\" \/><br \/>\nUm grande abra\u00e7o para Claudia e Jeniffer , atendimento nota 10\u00a0 no Emporium da Ferry St.<\/em><\/strong><\/p>\n<p><strong><em><img loading=\"lazy\" class=\"alignnone size-full wp-image-26378\" src=\"http:\/\/www.brazilianpress.com\/v1\/wp-content\/uploads\/2016\/12\/social-press-ed1816-20161229-4.jpg\" alt=\"social-press-ed1816-20161229-4\" width=\"450\" height=\"253\" srcset=\"https:\/\/www.brazilianpress.com\/v1\/wp-content\/uploads\/2016\/12\/social-press-ed1816-20161229-4.jpg 450w, https:\/\/www.brazilianpress.com\/v1\/wp-content\/uploads\/2016\/12\/social-press-ed1816-20161229-4-300x169.jpg 300w\" sizes=\"(max-width: 450px) 100vw, 450px\" \/><br \/>\nForte Abra\u00e7o a Fam\u00edlia Martins, os papais corujas Sisera e Michael com a linda filhota presente de Deus. Happy Holidays!<\/em><\/strong><\/p>\n<p><strong><em><img loading=\"lazy\" class=\"alignnone size-full wp-image-26379\" src=\"http:\/\/www.brazilianpress.com\/v1\/wp-content\/uploads\/2016\/12\/social-press-ed1816-20161229-5.jpg\" alt=\"social-press-ed1816-20161229-5\" width=\"450\" height=\"450\" srcset=\"https:\/\/www.brazilianpress.com\/v1\/wp-content\/uploads\/2016\/12\/social-press-ed1816-20161229-5.jpg 450w, https:\/\/www.brazilianpress.com\/v1\/wp-content\/uploads\/2016\/12\/social-press-ed1816-20161229-5-150x150.jpg 150w, https:\/\/www.brazilianpress.com\/v1\/wp-content\/uploads\/2016\/12\/social-press-ed1816-20161229-5-300x300.jpg 300w\" sizes=\"(max-width: 450px) 100vw, 450px\" \/><br \/>\nGrande Salud a Fam\u00edlia Besada, o super DJ Andrew, Dona Ana e o empres\u00e1rio Ariel no comando do Vivo Lounge! Happy New Year!<\/em><\/strong><\/p>\n<p><strong><em><img loading=\"lazy\" class=\"alignnone size-full wp-image-26380\" src=\"http:\/\/www.brazilianpress.com\/v1\/wp-content\/uploads\/2016\/12\/social-press-ed1816-20161229-6.jpg\" alt=\"social-press-ed1816-20161229-6\" width=\"450\" height=\"489\" srcset=\"https:\/\/www.brazilianpress.com\/v1\/wp-content\/uploads\/2016\/12\/social-press-ed1816-20161229-6.jpg 450w, https:\/\/www.brazilianpress.com\/v1\/wp-content\/uploads\/2016\/12\/social-press-ed1816-20161229-6-276x300.jpg 276w\" sizes=\"(max-width: 450px) 100vw, 450px\" \/><br \/>\nSuper elegantes, a criadora do Miss Brasil Mirim NJ, Claudia Cascardo ao lado da fashion designer Tharyka e a premiada cantora Joanna Nova York. Sucesso!<\/em><\/strong><\/p>\n<p><strong><em><img loading=\"lazy\" class=\"alignnone size-full wp-image-26381\" src=\"http:\/\/www.brazilianpress.com\/v1\/wp-content\/uploads\/2016\/12\/social-press-ed1816-20161229-7.jpg\" alt=\"social-press-ed1816-20161229-7\" width=\"450\" height=\"450\" srcset=\"https:\/\/www.brazilianpress.com\/v1\/wp-content\/uploads\/2016\/12\/social-press-ed1816-20161229-7.jpg 450w, https:\/\/www.brazilianpress.com\/v1\/wp-content\/uploads\/2016\/12\/social-press-ed1816-20161229-7-150x150.jpg 150w, https:\/\/www.brazilianpress.com\/v1\/wp-content\/uploads\/2016\/12\/social-press-ed1816-20161229-7-300x300.jpg 300w\" sizes=\"(max-width: 450px) 100vw, 450px\" \/><br \/>\nNossos Votos de Sa\u00fade e Pr\u00f3spero Ano Novo ao camarada Jeff Mills e todos os brasileiros que trabalham construindo uma Am\u00e9rica cada dia melhor e com os bra\u00e7os abertos! Feliz 2017!<\/em><\/strong><\/p>\n","protected":false},"excerpt":{"rendered":"<p>Reuni\u00e3o dos irm\u00e3os\u00a0 De Souza comemorando o Natal\u00a0 2017 Reuni\u00e3o\u00a0 de confraterniza\u00e7\u00e3o para clientes e amigos na sede do Advogado Flavio Boekel<\/p>\n","protected":false},"author":1,"featured_media":26375,"comment_status":"open","ping_status":"open","sticky":false,"template":"","format":"standard","meta":{"_links_to":"","_links_to_target":""},"categories":[4,1,6],"tags":[],"views":2922,"_links":{"self":[{"href":"https:\/\/www.brazilianpress.com\/v1\/wp-json\/wp\/v2\/posts\/26384"}],"collection":[{"href":"https:\/\/www.brazilianpress.com\/v1\/wp-json\/wp\/v2\/posts"}],"about":[{"href":"https:\/\/www.brazilianpress.com\/v1\/wp-json\/wp\/v2\/types\/post"}],"author":[{"embeddable":true,"href":"https:\/\/www.brazilianpress.com\/v1\/wp-json\/wp\/v2\/users\/1"}],"replies":[{"embeddable":true,"href":"https:\/\/www.brazilianpress.com\/v1\/wp-json\/wp\/v2\/comments?post=26384"}],"version-history":[{"count":1,"href":"https:\/\/www.brazilianpress.com\/v1\/wp-json\/wp\/v2\/posts\/26384\/revisions"}],"predecessor-version":[{"id":26385,"href":"https:\/\/www.brazilianpress.com\/v1\/wp-json\/wp\/v2\/posts\/26384\/revisions\/26385"}],"wp:featuredmedia":[{"embeddable":true,"href":"https:\/\/www.brazilianpress.com\/v1\/wp-json\/wp\/v2\/media\/26375"}],"wp:attachment":[{"href":"https:\/\/www.brazilianpress.com\/v1\/wp-json\/wp\/v2\/media?parent=26384"}],"wp:term":[{"taxonomy":"category","embeddable":true,"href":"https:\/\/www.brazilianpress.com\/v1\/wp-json\/wp\/v2\/categories?post=26384"},{"taxonomy":"post_tag","embeddable":true,"href":"https:\/\/www.brazilianpress.com\/v1\/wp-json\/wp\/v2\/tags?post=26384"}],"curies":[{"name":"wp","href":"https:\/\/api.w.org\/{rel}","templated":true}]}}