{"id":26406,"date":"2016-12-29T15:28:33","date_gmt":"2016-12-29T19:28:33","guid":{"rendered":"http:\/\/www.brazilianpress.com\/v1\/?p=26406"},"modified":"2016-12-29T15:28:33","modified_gmt":"2016-12-29T19:28:33","slug":"sao-paulo-acerta-a-contratacao-de-joia-da-chapecoense","status":"publish","type":"post","link":"https:\/\/www.brazilianpress.com\/v1\/2016\/12\/29\/sao-paulo-acerta-a-contratacao-de-joia-da-chapecoense\/","title":{"rendered":"S\u00e3o Paulo acerta a contrata\u00e7\u00e3o de joia da Chapecoense"},"content":{"rendered":"<p><img loading=\"lazy\" class=\"alignnone size-full wp-image-26407\" src=\"http:\/\/www.brazilianpress.com\/v1\/wp-content\/uploads\/2016\/12\/shaylon-chapecoense.jpg\" alt=\"_shaylon-chapecoense\" width=\"500\" height=\"300\" srcset=\"https:\/\/www.brazilianpress.com\/v1\/wp-content\/uploads\/2016\/12\/shaylon-chapecoense.jpg 500w, https:\/\/www.brazilianpress.com\/v1\/wp-content\/uploads\/2016\/12\/shaylon-chapecoense-300x180.jpg 300w\" sizes=\"(max-width: 500px) 100vw, 500px\" \/><\/p>\n<p>O S\u00e3o Paulo espera fechar nos pr\u00f3ximos dias a contrata\u00e7\u00e3o do meia Shaylon, da Chapecoense. O jogador, de 19 anos, est\u00e1 emprestado at\u00e9 o dia 31 de janeiro de 2017 e \u00e9 considerado uma das principais apostas das categorias de base do clube.<!--more--><\/p>\n<p>Para contar com o jogador por mais tr\u00eas anos e adquirir 50% dos direitos do armador, o Tricolor deve desembolsar R$ 500 mil. Por\u00e9m, a negocia\u00e7\u00e3o pode ser feita de outra maneira e envolver outros jogadores.<\/p>\n<p>Por causa da trag\u00e9dia com o avi\u00e3o da equipe catarinense, na Col\u00f4mbia, o S\u00e3o Paulo pode ceder algum atleta. O t\u00e9cnico da Chapecoense, Vagner Mancini, mostrou interesse no meia Daniel.<\/p>\n<p>&#8220;O S\u00e3o Paulo tem a prefer\u00eancia na compra at\u00e9 o fim do empr\u00e9stimo. Tudo j\u00e1 foi acertado, a Chape s\u00f3 est\u00e1 aguardando o pagamento&#8221;, afirmou o diretor das categoria de base da equipe catarinense, Mano Dal Piva.<\/p>\n<p>No Morumbi, Shaylon se destacou como um dos principais nomes da base. Na conquista da Copa do Brasil Sub-20, ele fechou a disputa como artilheiro da competi\u00e7\u00e3o, com seis gols.<\/p>\n<p>O jogador tamb\u00e9m j\u00e1 aparece na lista de inscritos do t\u00e9cnico Andr\u00e9 Jardine para a Copa S\u00e3o Paulo de Futebol J\u00fanior, que ser\u00e1 disputada em janeiro.<\/p>\n<p>Ap\u00f3s recupera\u00e7\u00e3o de cirurgia no joelho direito, Daniel, de 22 anos, disputou apenas 16 partidas pelo S\u00e3o Paulo nas duas \u00faltimas temporadas. Com contrato at\u00e9 o dia o fim de 2017, o mais prov\u00e1vel \u00e9 que ele seja emprestado.<\/p>\n","protected":false},"excerpt":{"rendered":"<p>O S\u00e3o Paulo espera fechar nos pr\u00f3ximos dias a contrata\u00e7\u00e3o do meia Shaylon, da Chapecoense. O jogador, de 19 anos, est\u00e1 emprestado at\u00e9 o dia 31 de janeiro de 2017 e \u00e9 considerado uma das principais apostas das categorias de base do clube.<\/p>\n","protected":false},"author":1,"featured_media":26407,"comment_status":"open","ping_status":"open","sticky":false,"template":"","format":"standard","meta":{"_links_to":"","_links_to_target":""},"categories":[9,1],"tags":[],"views":2196,"_links":{"self":[{"href":"https:\/\/www.brazilianpress.com\/v1\/wp-json\/wp\/v2\/posts\/26406"}],"collection":[{"href":"https:\/\/www.brazilianpress.com\/v1\/wp-json\/wp\/v2\/posts"}],"about":[{"href":"https:\/\/www.brazilianpress.com\/v1\/wp-json\/wp\/v2\/types\/post"}],"author":[{"embeddable":true,"href":"https:\/\/www.brazilianpress.com\/v1\/wp-json\/wp\/v2\/users\/1"}],"replies":[{"embeddable":true,"href":"https:\/\/www.brazilianpress.com\/v1\/wp-json\/wp\/v2\/comments?post=26406"}],"version-history":[{"count":1,"href":"https:\/\/www.brazilianpress.com\/v1\/wp-json\/wp\/v2\/posts\/26406\/revisions"}],"predecessor-version":[{"id":26408,"href":"https:\/\/www.brazilianpress.com\/v1\/wp-json\/wp\/v2\/posts\/26406\/revisions\/26408"}],"wp:featuredmedia":[{"embeddable":true,"href":"https:\/\/www.brazilianpress.com\/v1\/wp-json\/wp\/v2\/media\/26407"}],"wp:attachment":[{"href":"https:\/\/www.brazilianpress.com\/v1\/wp-json\/wp\/v2\/media?parent=26406"}],"wp:term":[{"taxonomy":"category","embeddable":true,"href":"https:\/\/www.brazilianpress.com\/v1\/wp-json\/wp\/v2\/categories?post=26406"},{"taxonomy":"post_tag","embeddable":true,"href":"https:\/\/www.brazilianpress.com\/v1\/wp-json\/wp\/v2\/tags?post=26406"}],"curies":[{"name":"wp","href":"https:\/\/api.w.org\/{rel}","templated":true}]}}