{"id":26489,"date":"2016-12-29T18:16:20","date_gmt":"2016-12-29T22:16:20","guid":{"rendered":"http:\/\/www.brazilianpress.com\/v1\/?p=26489"},"modified":"2017-01-05T10:16:35","modified_gmt":"2017-01-05T14:16:35","slug":"aumenta-a-entrada-de-imigrantes-ilegais-nos-estados-unidos-por-medo-do-novo-presidente-eleito","status":"publish","type":"post","link":"https:\/\/www.brazilianpress.com\/v1\/2016\/12\/29\/aumenta-a-entrada-de-imigrantes-ilegais-nos-estados-unidos-por-medo-do-novo-presidente-eleito\/","title":{"rendered":"Aumenta a entrada de imigrantes ilegais nos Estados Unidos por medo do novo presidente eleito"},"content":{"rendered":"<p><img loading=\"lazy\" class=\"alignnone size-full wp-image-26490\" src=\"http:\/\/www.brazilianpress.com\/v1\/wp-content\/uploads\/2016\/12\/aumenta-entrada.jpg\" alt=\"aumenta-entrada\" width=\"500\" height=\"282\" srcset=\"https:\/\/www.brazilianpress.com\/v1\/wp-content\/uploads\/2016\/12\/aumenta-entrada.jpg 500w, https:\/\/www.brazilianpress.com\/v1\/wp-content\/uploads\/2016\/12\/aumenta-entrada-300x169.jpg 300w\" sizes=\"(max-width: 500px) 100vw, 500px\" \/><\/p>\n<p>Crian\u00e7as e fam\u00edlias da Am\u00e9rica Central que cruzam a fronteira sul t\u00eam aumentado drasticamente nos \u00faltimos meses, por medo de perder a \u00faltima chance antes da posse de Donald Trump e isso amea\u00e7a superar a capacidade das autoridades norte-americanas.<!--more--><\/p>\n<p>Petra Falcon, diretor da Promise Arizona, disse que o medo est\u00e1 dirigindo os imigrantes a cruzarem a fronteira, porque eles est\u00e3o \u00e0 espera das mudan\u00e7as que ser\u00e3o implementadas a partir de 20 de janeiro pr\u00f3ximo.<\/p>\n<p>&#8220;Os imigrantes sabem que a vigil\u00e2ncia ser\u00e1 mais pesada, mas \u00e9 uma situa\u00e7\u00e3o comum, porque, quando eles querem colocar mais medo aos residentes do pa\u00eds, (dizem) que, os imigrantes s\u00e3o assassinos ou ladr\u00f5es&#8221; disse ela.<\/p>\n<p>De acordo com a Alf\u00e2ndega e Prote\u00e7\u00e3o de Fronteiras dos EUA nos dois primeiros meses deste ano fiscal, que come\u00e7ou no \u00faltimo 01 de outubro, 93.405 imigrantes indocumentados foram presos quando tentavam atravessar a fronteira, dos quais 14.128 eram menores n\u00e3o acompanhados por um adulto e 28.691 faziam parte das unidades familiares.<\/p>\n<p>No caso de menores, estes n\u00fameros representam um aumento de 34% em rela\u00e7\u00e3o ao \u00faltimo ano fiscal e 60% em rela\u00e7\u00e3o a 2014, quando a administra\u00e7\u00e3o do presidente Barack Obama reconheceu que tinha dificuldade em cumprir a &#8220;crise humanit\u00e1ria&#8221; o que levou \u00e0 inunda\u00e7\u00e3o de centro-americanos.<\/p>\n<p>Mas o caso \u00e9 ainda pior se o n\u00famero de fam\u00edlias que chegaram nos dois primeiros meses do ano fiscal de 2014, e hoje, se multiplicado por cinco, a chegada \u00e0 fronteira com o M\u00e9xico vai de 5.200 para 28.691.<\/p>\n<p>Embora seja verdade que no ano fiscal de 2014, a maior avalanche ocorreu durante a primavera, nos primeiros meses do ano fiscal atual o n\u00famero de fam\u00edlias \u00e9 semelhante ao de ent\u00e3o (29.102 pessoas).<\/p>\n<p>Mas o medo do que poderia acontecer com a chegada de Trump \u00e0 Casa Branca parece estar empurrando os imigrantes indocumentados para cruzar a perigosa fronteira, at\u00e9 mesmo os pais que enviam seus filhos, ainda menores.<\/p>\n<p>&#8220;N\u00e3o deveria surpreender-nos que estas crian\u00e7as continuem vindo em n\u00fameros recordes&#8221;, lamentou recentemente a presidente de uma organiza\u00e7\u00e3o humanit\u00e1ria, Wendy Young.<\/p>\n<p>Ela disse que s\u00e3o principalmente crian\u00e7as de El Salvador, Guatemala e Honduras.<\/p>\n<p>De acordo com CBP, 68.541 crian\u00e7as imigrantes n\u00e3o acompanhados cruzaram a fronteira no ano fiscal de 2014. O pr\u00f3ximo ano fiscal, o n\u00famero caiu para 39,970, mas nos \u00faltimos meses do ano passado aumentou e chegou a 59.692 crian\u00e7as.<\/p>\n<p>Esta tend\u00eancia tem aumentado desde o \u00faltimo 01 de outubro, coincidindo com as \u00faltimas semanas de uma campanha eleitoral em que a quest\u00e3o da imigra\u00e7\u00e3o desempenhou um papel importante.<\/p>\n<p>Organiza\u00e7\u00f5es pr\u00f3-imigrantes est\u00e3o preocupados com as pol\u00edticas anti-imigrantes prometidas por Trump: a constru\u00e7\u00e3o do muro da fronteira, deporta\u00e7\u00f5es em massa e remo\u00e7\u00e3o de al\u00edvio imigra\u00e7\u00e3o de Obama para milhares de jovens imigrantes indocumentados.<\/p>\n<p>Em antecipa\u00e7\u00e3o a este novo fluxo de trabalhadores em situa\u00e7\u00e3o irregular, o CBP decidiu abrir dois centros de deten\u00e7\u00e3o tempor\u00e1rios nas cidades de Donna e Tornillo, no Texas, ambos com capacidade para 500 pessoas.<\/p>\n<p>Francisco Martinez, volunt\u00e1rio do Grupo Anjos do Deserto, disse que o presidente eleito \u00e9 a principal causa do fen\u00f4meno: &#8220;Os imigrantes querem estar no pa\u00eds antes dele chegar ao poder, porque eles sabem das amea\u00e7as de leis severas e prometeu refor\u00e7ar as fronteiras. &#8220;<\/p>\n","protected":false},"excerpt":{"rendered":"<p>Crian\u00e7as e fam\u00edlias da Am\u00e9rica Central que cruzam a fronteira sul t\u00eam aumentado drasticamente nos \u00faltimos meses, por medo de perder a \u00faltima chance antes da posse de Donald Trump e isso amea\u00e7a superar a capacidade das autoridades norte-americanas.<\/p>\n","protected":false},"author":1,"featured_media":26490,"comment_status":"open","ping_status":"open","sticky":false,"template":"","format":"standard","meta":{"_links_to":"","_links_to_target":""},"categories":[4,1],"tags":[],"views":2509,"_links":{"self":[{"href":"https:\/\/www.brazilianpress.com\/v1\/wp-json\/wp\/v2\/posts\/26489"}],"collection":[{"href":"https:\/\/www.brazilianpress.com\/v1\/wp-json\/wp\/v2\/posts"}],"about":[{"href":"https:\/\/www.brazilianpress.com\/v1\/wp-json\/wp\/v2\/types\/post"}],"author":[{"embeddable":true,"href":"https:\/\/www.brazilianpress.com\/v1\/wp-json\/wp\/v2\/users\/1"}],"replies":[{"embeddable":true,"href":"https:\/\/www.brazilianpress.com\/v1\/wp-json\/wp\/v2\/comments?post=26489"}],"version-history":[{"count":1,"href":"https:\/\/www.brazilianpress.com\/v1\/wp-json\/wp\/v2\/posts\/26489\/revisions"}],"predecessor-version":[{"id":26491,"href":"https:\/\/www.brazilianpress.com\/v1\/wp-json\/wp\/v2\/posts\/26489\/revisions\/26491"}],"wp:featuredmedia":[{"embeddable":true,"href":"https:\/\/www.brazilianpress.com\/v1\/wp-json\/wp\/v2\/media\/26490"}],"wp:attachment":[{"href":"https:\/\/www.brazilianpress.com\/v1\/wp-json\/wp\/v2\/media?parent=26489"}],"wp:term":[{"taxonomy":"category","embeddable":true,"href":"https:\/\/www.brazilianpress.com\/v1\/wp-json\/wp\/v2\/categories?post=26489"},{"taxonomy":"post_tag","embeddable":true,"href":"https:\/\/www.brazilianpress.com\/v1\/wp-json\/wp\/v2\/tags?post=26489"}],"curies":[{"name":"wp","href":"https:\/\/api.w.org\/{rel}","templated":true}]}}