{"id":26493,"date":"2016-12-29T18:56:58","date_gmt":"2016-12-29T22:56:58","guid":{"rendered":"http:\/\/www.brazilianpress.com\/v1\/?p=26493"},"modified":"2017-01-05T08:43:43","modified_gmt":"2017-01-05T12:43:43","slug":"retrospectiva-2016","status":"publish","type":"post","link":"https:\/\/www.brazilianpress.com\/v1\/2016\/12\/29\/retrospectiva-2016\/","title":{"rendered":"Retrospectiva 2016"},"content":{"rendered":"<p><img loading=\"lazy\" class=\"alignnone size-full wp-image-26494\" src=\"http:\/\/www.brazilianpress.com\/v1\/wp-content\/uploads\/2016\/12\/retrospectiva2016.jpg\" alt=\"retrospectiva2016\" width=\"500\" height=\"222\" srcset=\"https:\/\/www.brazilianpress.com\/v1\/wp-content\/uploads\/2016\/12\/retrospectiva2016.jpg 500w, https:\/\/www.brazilianpress.com\/v1\/wp-content\/uploads\/2016\/12\/retrospectiva2016-300x133.jpg 300w\" sizes=\"(max-width: 500px) 100vw, 500px\" \/><\/p>\n<p>2016 foi um ano totalmente at\u00edpico. Foi um ano surreal, marcado por guerras, mortes e viola\u00e7\u00f5es dos direitos humanos mundo afora e desastres a\u00e9reos. Por isso dividiremos em tr\u00eas partes:<!--more--><\/p>\n<p><strong>PARTE 1 \u2013 FAMOSOS QUE MORRERAM:\u00a0\u00a0\u00a0 \u00a0\u00a0\u00a0\u00a0\u00a0\u00a0\u00a0\u00a0\u00a0\u00a0\u00a0\u00a0\u00a0\u00a0 <\/strong><\/p>\n<p><strong><img loading=\"lazy\" class=\"alignnone size-full wp-image-26518\" src=\"http:\/\/www.brazilianpress.com\/v1\/wp-content\/uploads\/2016\/12\/retrospectiva-2016-29.jpg\" alt=\"retrospectiva-2016-29\" width=\"450\" height=\"253\" srcset=\"https:\/\/www.brazilianpress.com\/v1\/wp-content\/uploads\/2016\/12\/retrospectiva-2016-29.jpg 450w, https:\/\/www.brazilianpress.com\/v1\/wp-content\/uploads\/2016\/12\/retrospectiva-2016-29-300x169.jpg 300w\" sizes=\"(max-width: 450px) 100vw, 450px\" \/><br \/>\n&#8211; David Bowie<\/strong><\/p>\n<p>Uma das\u00a0<strong>primeiras grandes perdas<\/strong>\u00a0do ano foi a do Camale\u00e3o do Rock, que nos deixou em 10 de janeiro, aos 69 anos, apenas 2 dias ap\u00f3s lan\u00e7ar seu 25\u00ba \u00e1lbum. Ele lutava contra um c\u00e2ncer de f\u00edgado, que praticamente ningu\u00e9m sabia, al\u00e9m de seus familiares mais pr\u00f3ximos.<\/p>\n<p><strong><img loading=\"lazy\" class=\"alignnone size-full wp-image-26510\" src=\"http:\/\/www.brazilianpress.com\/v1\/wp-content\/uploads\/2016\/12\/retrospectiva-2016-46.jpg\" alt=\"retrospectiva-2016-46\" width=\"450\" height=\"274\" srcset=\"https:\/\/www.brazilianpress.com\/v1\/wp-content\/uploads\/2016\/12\/retrospectiva-2016-46.jpg 450w, https:\/\/www.brazilianpress.com\/v1\/wp-content\/uploads\/2016\/12\/retrospectiva-2016-46-300x183.jpg 300w\" sizes=\"(max-width: 450px) 100vw, 450px\" \/><br \/>\n&#8211; Umberto Eco<\/strong><\/p>\n<p>Em 19 de fevereiro, o fil\u00f3sofo e escritor Umberto Eco morreu em casa, na It\u00e1lia, aos 84 anos. Ele \u00e9 conhecido por obras como \u201cO P\u00eandulo de Foucault\u201d, \u201cO Nome da Rosa\u201d e \u201cApocal\u00edpticos e Integrados\u201d.<\/p>\n<p><strong><img loading=\"lazy\" class=\"alignnone size-full wp-image-26505\" src=\"http:\/\/www.brazilianpress.com\/v1\/wp-content\/uploads\/2016\/12\/retrospectiva-2016-41.jpg\" alt=\"retrospectiva-2016-41\" width=\"450\" height=\"253\" srcset=\"https:\/\/www.brazilianpress.com\/v1\/wp-content\/uploads\/2016\/12\/retrospectiva-2016-41.jpg 450w, https:\/\/www.brazilianpress.com\/v1\/wp-content\/uploads\/2016\/12\/retrospectiva-2016-41-300x169.jpg 300w\" sizes=\"(max-width: 450px) 100vw, 450px\" \/><br \/>\n&#8211; Prince<\/strong><\/p>\n<p>Considerado um dos maiores \u00edcones da m\u00fasica pop de todos os tempos, Prince sofreu uma overdose acidental de fentanil, um potente analg\u00e9sico, em 21 de abril. O cantor tinha 57 anos.<\/p>\n<p><strong><img loading=\"lazy\" class=\"alignnone size-full wp-image-26506\" src=\"http:\/\/www.brazilianpress.com\/v1\/wp-content\/uploads\/2016\/12\/retrospectiva-2016-42.jpg\" alt=\"retrospectiva-2016-42\" width=\"450\" height=\"267\" srcset=\"https:\/\/www.brazilianpress.com\/v1\/wp-content\/uploads\/2016\/12\/retrospectiva-2016-42.jpg 450w, https:\/\/www.brazilianpress.com\/v1\/wp-content\/uploads\/2016\/12\/retrospectiva-2016-42-300x178.jpg 300w\" sizes=\"(max-width: 450px) 100vw, 450px\" \/><br \/>\n&#8211; Rub\u00e9n Aguirre, famoso professor Girafales\u00a0\u00a0\u00a0\u00a0\u00a0\u00a0\u00a0\u00a0\u00a0\u00a0\u00a0\u00a0\u00a0\u00a0\u00a0\u00a0\u00a0\u00a0 <\/strong><\/p>\n<p>Em 17 de junho, dois dias ap\u00f3s completar 82 anos, o eterno professor Girafales foi\u00a0<strong>chamado para fazer companhia<\/strong>\u00a0ao Chaves, ao Seu Madruga e \u00e0 Dona Clotilde no c\u00e9u. Ele estava com uma s\u00e9rie de problemas de sa\u00fade, como insufici\u00eancia renal, c\u00e1lculos renais e diabetes.<\/p>\n<p><strong><img loading=\"lazy\" class=\"alignnone size-full wp-image-26501\" src=\"http:\/\/www.brazilianpress.com\/v1\/wp-content\/uploads\/2016\/12\/retrospectiva-2016-37.jpg\" alt=\"retrospectiva-2016-37\" width=\"450\" height=\"253\" srcset=\"https:\/\/www.brazilianpress.com\/v1\/wp-content\/uploads\/2016\/12\/retrospectiva-2016-37.jpg 450w, https:\/\/www.brazilianpress.com\/v1\/wp-content\/uploads\/2016\/12\/retrospectiva-2016-37-300x169.jpg 300w\" sizes=\"(max-width: 450px) 100vw, 450px\" \/><br \/>\n&#8211; H\u00e9ctor Babenco<\/strong><\/p>\n<p>Diretor de cinema argentino de nascimento e brasileiro de cora\u00e7\u00e3o, Babenco estava com 70 anos quando faleceu em 13 de julho. Ele estava internado para tratar de uma sinusite e teve uma parada cardiorrespirat\u00f3ria.<\/p>\n<p><strong><img loading=\"lazy\" class=\"alignnone size-full wp-image-26499\" src=\"http:\/\/www.brazilianpress.com\/v1\/wp-content\/uploads\/2016\/12\/retrospectiva-2016-35.jpg\" alt=\"retrospectiva-2016-35\" width=\"450\" height=\"208\" srcset=\"https:\/\/www.brazilianpress.com\/v1\/wp-content\/uploads\/2016\/12\/retrospectiva-2016-35.jpg 450w, https:\/\/www.brazilianpress.com\/v1\/wp-content\/uploads\/2016\/12\/retrospectiva-2016-35-300x139.jpg 300w\" sizes=\"(max-width: 450px) 100vw, 450px\" \/><br \/>\n&#8211; Goulart de Andrade<\/strong><\/p>\n<p>Conhecido pelo bord\u00e3o \u201cVem comigo\u201d, o jornalista fez muito sucessos em programas que passavam durante a madrugada. Ele tinha uma doen\u00e7a pulmonar e faleceu no dia 23 de agosto, aos 83 anos.<\/p>\n<p><strong><br \/>\n<img loading=\"lazy\" class=\"alignnone size-full wp-image-26497\" src=\"http:\/\/www.brazilianpress.com\/v1\/wp-content\/uploads\/2016\/12\/retrospectiva-2016-33.jpg\" alt=\"retrospectiva-2016-33\" width=\"450\" height=\"300\" srcset=\"https:\/\/www.brazilianpress.com\/v1\/wp-content\/uploads\/2016\/12\/retrospectiva-2016-33.jpg 450w, https:\/\/www.brazilianpress.com\/v1\/wp-content\/uploads\/2016\/12\/retrospectiva-2016-33-300x200.jpg 300w\" sizes=\"(max-width: 450px) 100vw, 450px\" \/><br \/>\n&#8211; Fidel Castro<\/strong><\/p>\n<p>O pol\u00eamico l\u00edder cubano, que governou o pa\u00eds entre 1959 e 2008, morreu aos 90 anos, no dia 25 de novembro.<\/p>\n<p><strong><img loading=\"lazy\" class=\"alignnone size-full wp-image-26496\" src=\"http:\/\/www.brazilianpress.com\/v1\/wp-content\/uploads\/2016\/12\/retrospectiva-2016-32.jpg\" alt=\"retrospectiva-2016-32\" width=\"450\" height=\"300\" srcset=\"https:\/\/www.brazilianpress.com\/v1\/wp-content\/uploads\/2016\/12\/retrospectiva-2016-32.jpg 450w, https:\/\/www.brazilianpress.com\/v1\/wp-content\/uploads\/2016\/12\/retrospectiva-2016-32-300x200.jpg 300w\" sizes=\"(max-width: 450px) 100vw, 450px\" \/><br \/>\n&#8211; Ferreira Gullar<\/strong><\/p>\n<p>O escritor, poeta e cr\u00edtico de arte Ferreira Gullar morreu de problemas respirat\u00f3rios no dia 4 de dezembro. Ele estava com 86 anos e era membro da Academia Brasileira de Letras desde 2014, ocupando a cadeira que foi fundada por Tom\u00e1s Ant\u00f4nio Gonzaga e j\u00e1 pertencera a Get\u00falio Vargas, Assis Chateaubriand e Jo\u00e3o Cabral de Melo Neto, entre outros.<\/p>\n<p><strong><img loading=\"lazy\" class=\"alignnone size-full wp-image-26504\" src=\"http:\/\/www.brazilianpress.com\/v1\/wp-content\/uploads\/2016\/12\/retrospectiva-2016-40.jpg\" alt=\"retrospectiva-2016-40\" width=\"450\" height=\"253\" srcset=\"https:\/\/www.brazilianpress.com\/v1\/wp-content\/uploads\/2016\/12\/retrospectiva-2016-40.jpg 450w, https:\/\/www.brazilianpress.com\/v1\/wp-content\/uploads\/2016\/12\/retrospectiva-2016-40-300x169.jpg 300w\" sizes=\"(max-width: 450px) 100vw, 450px\" \/><br \/>\n&#8211; Dom <\/strong><strong>Paulo Evaristo Arns<\/strong><\/p>\n<p>Arcebispo-em\u00e9rito de S\u00e3o Paulo e cardeal da Igreja Cat\u00f3lica, Dom Frei Paulo Evaristo Arns morreu no dia 14 de dezembro, aos 95 anos, por causa de uma broncopneumonia.<\/p>\n<p><strong><img loading=\"lazy\" class=\"alignnone size-full wp-image-26498\" src=\"http:\/\/www.brazilianpress.com\/v1\/wp-content\/uploads\/2016\/12\/retrospectiva-2016-34.jpg\" alt=\"retrospectiva-2016-34\" width=\"450\" height=\"338\" srcset=\"https:\/\/www.brazilianpress.com\/v1\/wp-content\/uploads\/2016\/12\/retrospectiva-2016-34.jpg 450w, https:\/\/www.brazilianpress.com\/v1\/wp-content\/uploads\/2016\/12\/retrospectiva-2016-34-300x225.jpg 300w\" sizes=\"(max-width: 450px) 100vw, 450px\" \/><br \/>\n&#8211; <\/strong><strong>George Michael<\/strong><\/p>\n<p>No domingo de Natal, o mundo recebeu em choque a not\u00edcia de que o cantor George Michael havia falecido. Segundo seu agente, ele morreu de insufici\u00eancia card\u00edaca. O brit\u00e2nico estava com 53 anos.<\/p>\n<p><strong><img loading=\"lazy\" class=\"alignnone size-full wp-image-26495\" src=\"http:\/\/www.brazilianpress.com\/v1\/wp-content\/uploads\/2016\/12\/retrospectiva-2016-31.jpg\" alt=\"retrospectiva-2016-31\" width=\"450\" height=\"300\" srcset=\"https:\/\/www.brazilianpress.com\/v1\/wp-content\/uploads\/2016\/12\/retrospectiva-2016-31.jpg 450w, https:\/\/www.brazilianpress.com\/v1\/wp-content\/uploads\/2016\/12\/retrospectiva-2016-31-300x200.jpg 300w\" sizes=\"(max-width: 450px) 100vw, 450px\" \/><br \/>\n&#8211; Domingos Montagner<\/strong><\/p>\n<p>Deixamos por \u00faltimo este ator que era protagonista da novela da Rede Globo \u201cVelho Chico\u201d, que estava em sua reta final, pela forma dram\u00e1tica como ocorreu sua morte. Montagner\u00a0 54 anos, <strong>morreu afogado<\/strong>\u00a0justamente no rio S\u00e3o Francisco, que dava nome \u00e0 novela. O acidente aconteceu no dia 15 de setembro e chocou o Brasil.<\/p>\n<p>No total morreram trinta e cinco famosos, por\u00e9m destacamos alguns deles que de alguma forma deixaram sua marca.<\/p>\n<p><strong>2 &#8211; OS ATAQUES E AS TRAG\u00c9DIAS QUE MARCARAM O ANO DE 2016<\/strong><\/p>\n<p><strong><img loading=\"lazy\" class=\"alignnone size-full wp-image-26511\" src=\"http:\/\/www.brazilianpress.com\/v1\/wp-content\/uploads\/2016\/12\/retrospectiva-2016-47.jpg\" alt=\"retrospectiva-2016-47\" width=\"450\" height=\"225\" srcset=\"https:\/\/www.brazilianpress.com\/v1\/wp-content\/uploads\/2016\/12\/retrospectiva-2016-47.jpg 450w, https:\/\/www.brazilianpress.com\/v1\/wp-content\/uploads\/2016\/12\/retrospectiva-2016-47-300x150.jpg 300w\" sizes=\"(max-width: 450px) 100vw, 450px\" \/><br \/>\nBRASIL E MUNDO: Surto de Zika<\/strong><\/p>\n<p>Em janeiro, a Organiza\u00e7\u00e3o Mundial da Sa\u00fade (OMS) enquadrou pela primeira vez o v\u00edrus Zika como\u00a0emerg\u00eancia sanit\u00e1ria\u00a0mundial. Os resultados dessa emerg\u00eancia foram sentidos com for\u00e7a em todo o mundo: estima-se que de 3 a 4 milh\u00f5es de pessoas contra\u00edram a infe\u00e7\u00e3o em 2016.<\/p>\n<p><strong>AM\u00c9RICA CENTRAL, CARIBE E ESTADOS UNIDOS: Furac\u00e3o Matthew<\/strong><\/p>\n<p>A passagem do Furac\u00e3o Matthew pela Am\u00e9rica Central, Caribe e Estados Unidos em outubro deste ano, deixou centenas de mortos por onde passou e agravou a crise humanit\u00e1ria no\u00a0<strong>Haiti<\/strong>.<\/p>\n<p><strong>B\u00c9LGICA<\/strong><br \/>\nAo menos 31 pessoas morreram e cerca de 300 se feriram em dois ataques de autoria reivindicada pelo Estado Isl\u00e2mico, em Bruxelas, em mar\u00e7o. Um deles ocorreu no aeroporto internacional de Zaventem e o outro, na esta\u00e7\u00e3o de metr\u00f4 Maelbeek.<\/p>\n<p><strong>EQUADOR<\/strong><br \/>\nEm abril, um tremor de magnitude 7,8 atingiu a regi\u00e3o litor\u00e2nea, o maior abalo s\u00edsmico registrado no pa\u00eds desde 1979. O terremoto causou a morte de 570 pessoas, deixou 163 desaparecidos e cerca de 20,5 mil desabrigados.<\/p>\n<p><strong><img loading=\"lazy\" class=\"alignnone size-full wp-image-26512\" src=\"http:\/\/www.brazilianpress.com\/v1\/wp-content\/uploads\/2016\/12\/retrospectiva-2016-1.jpg\" alt=\"retrospectiva-2016-1\" width=\"450\" height=\"338\" srcset=\"https:\/\/www.brazilianpress.com\/v1\/wp-content\/uploads\/2016\/12\/retrospectiva-2016-1.jpg 450w, https:\/\/www.brazilianpress.com\/v1\/wp-content\/uploads\/2016\/12\/retrospectiva-2016-1-300x225.jpg 300w\" sizes=\"(max-width: 450px) 100vw, 450px\" \/><br \/>\nBRASIL<\/strong><br \/>\nFortes ondas provocaram a queda de parte da ciclovia Tim Maia, no Rio, em abril. Duas pessoas morreram. Depois do acidente, um grupo foi fotografado jogando futebol perto dos corpos das v\u00edtimas.<\/p>\n<p><strong>MAR MEDITERR\u00c2NEO<\/strong><br \/>\nUm Airbus A320 desapareceu no mar Mediterr\u00e2neo, em maio, no espa\u00e7o a\u00e9reo eg\u00edpcio. O avi\u00e3o, com 66 pessoas, seguia de Paris para o Cairo. Informa\u00e7\u00f5es de uma das caixas-pretas indicaram que houve a tentativa de apagar um inc\u00eandio antes da queda.<\/p>\n<p><strong><img loading=\"lazy\" class=\"alignnone size-full wp-image-26515\" src=\"http:\/\/www.brazilianpress.com\/v1\/wp-content\/uploads\/2016\/12\/retrospectiva-2016-26.jpg\" alt=\"retrospectiva-2016-26\" width=\"450\" height=\"222\" srcset=\"https:\/\/www.brazilianpress.com\/v1\/wp-content\/uploads\/2016\/12\/retrospectiva-2016-26.jpg 450w, https:\/\/www.brazilianpress.com\/v1\/wp-content\/uploads\/2016\/12\/retrospectiva-2016-26-300x148.jpg 300w\" sizes=\"(max-width: 450px) 100vw, 450px\" \/><br \/>\nEUA<\/strong><br \/>\nArmado com um fuzil AR-15 e uma pistola, o americano Omar Mateen, 29, matou 49 pessoas e feriu mais de 50, na casa noturna gay Pulse, na Fl\u00f3rida, em junho. Foi o maior atentado a tiros registrado na hist\u00f3ria recente dos Estados Unidos.<\/p>\n<p><strong>FRAN\u00c7A<\/strong><br \/>\nO tunisiano Mohamed Bouhlel, 31, avan\u00e7ou contra uma multid\u00e3o durante festejos da Queda da Bastilha, em Nice, em julho. Oitenta e seis morreram e mais de 400 ficaram feridas. A autoria do ataque foi reivindicada pelo Estado Isl\u00e2mico.<\/p>\n<p><strong>ALEMANHA<\/strong><br \/>\nUm alem\u00e3o de 18 anos, de origem iraniana, iniciou um ataque a tiros em frente ao shopping Olympia, em Munique, em julho. Dentro do centro de compras, ele efetuou mais disparos. Pelo menos nove pessoas morreram e 21 foram feridas.<\/p>\n<p><strong>IT\u00c1LIA<\/strong><br \/>\nEm agosto, um terremoto de magnitude 6,2, abalou a regi\u00e3o central da It\u00e1lia, provocando a morte de mais de 280 pessoas. Dois meses depois, outro abalo, ainda mais forte, voltou a atingir o pa\u00eds.<\/p>\n<p><strong>COL\u00d4MBIA<\/strong><br \/>\nUm avi\u00e3o caiu nas montanhas de Cerro Gordo, no munic\u00edpio de La Uni\u00f3n, em novembro. Setenta e uma pessoas morreram, entre elas integrantes da delega\u00e7\u00e3o da Chapecoense, que disputaria a final da Sul-Americana. Houve seis sobreviventes.<\/p>\n<p><strong>3 &#8211; POL\u00cdTICA e outros<\/strong><\/p>\n<p><strong><img loading=\"lazy\" class=\"alignnone size-full wp-image-25232\" src=\"http:\/\/www.brazilianpress.com\/v1\/wp-content\/uploads\/2016\/10\/donald-trump.jpg\" alt=\"Donald Trump Holds Campaign Rally In Fort Worth\" width=\"500\" height=\"333\" srcset=\"https:\/\/www.brazilianpress.com\/v1\/wp-content\/uploads\/2016\/10\/donald-trump.jpg 500w, https:\/\/www.brazilianpress.com\/v1\/wp-content\/uploads\/2016\/10\/donald-trump-300x200.jpg 300w\" sizes=\"(max-width: 500px) 100vw, 500px\" \/><br \/>\nElei\u00e7\u00e3o de Donald Trump<\/strong><\/p>\n<p>O empres\u00e1rio Donald Trump foi eleito como presidente dos EUA, superando todas as expectativas. Ele tomar\u00e1 posse no dia 20 de janeiro.<\/p>\n<p><strong>Vit\u00f3ria do Brexit<\/strong><\/p>\n<p>Nem os brit\u00e2nicos e nem a\u00a0<strong>Uni\u00e3o Europeia<\/strong>\u00a0(UE) esquecer\u00e3o 2016. Pela primeira vez na hist\u00f3ria da UE, um pa\u00eds decidiu\u00a0deixar o bloco. Essa sa\u00edda foi aprovada por\u00a052%\u00a0dos eleitores.<\/p>\n<p><strong><img loading=\"lazy\" class=\"alignnone size-full wp-image-26502\" src=\"http:\/\/www.brazilianpress.com\/v1\/wp-content\/uploads\/2016\/12\/retrospectiva-2016-38.jpg\" alt=\"retrospectiva-2016-38\" width=\"450\" height=\"264\" srcset=\"https:\/\/www.brazilianpress.com\/v1\/wp-content\/uploads\/2016\/12\/retrospectiva-2016-38.jpg 450w, https:\/\/www.brazilianpress.com\/v1\/wp-content\/uploads\/2016\/12\/retrospectiva-2016-38-300x176.jpg 300w\" sizes=\"(max-width: 450px) 100vw, 450px\" \/><br \/>\nOpera\u00e7\u00e3o Lava Jato<\/strong><\/p>\n<p>A opera\u00e7\u00e3o Lava Jato \u00e9 a maior investiga\u00e7\u00e3o de corrup\u00e7\u00e3o e lavagem de dinheiro que o Brasil j\u00e1 teve. Estima-se que o volume de recursos desviados dos cofres da Petrobras, maior estatal do pa\u00eds, esteja na casa de bilh\u00f5es de reais. Soma-se a isso a express\u00e3o econ\u00f4mica e pol\u00edtica dos suspeitos de participar do esquema de corrup\u00e7\u00e3o que envolve a companhia.<\/p>\n<p><strong><img loading=\"lazy\" class=\"alignnone size-full wp-image-26514\" src=\"http:\/\/www.brazilianpress.com\/v1\/wp-content\/uploads\/2016\/12\/retrospectiva-2016-25.jpg\" alt=\"EUROPE-MIGRANTS\/\" width=\"450\" height=\"245\" srcset=\"https:\/\/www.brazilianpress.com\/v1\/wp-content\/uploads\/2016\/12\/retrospectiva-2016-25.jpg 450w, https:\/\/www.brazilianpress.com\/v1\/wp-content\/uploads\/2016\/12\/retrospectiva-2016-25-300x163.jpg 300w\" sizes=\"(max-width: 450px) 100vw, 450px\" \/><br \/>\nViagem sem volta: imigrantes e refugiados vivem o ano mais mortal na travessia do Mediterr\u00e2neo<\/strong><\/p>\n<p>O\u00a0<strong>ano de 2016 foi o mais mortal para os imigrantes e refugiados<\/strong>\u00a0que tentaram atravessar o Mar Mediterr\u00e2neo para chegar \u00e0 Europa, segundo dados do Acnur (Alto Comissariado das Na\u00e7\u00f5es Unidas para os Refugiados). Pelo menos 3.800 imigrantes morreram at\u00e9 outubro deste ano, quando as estimativas do Acnur foram reveladas. Em 2015, foram 3.771.<\/p>\n<p><strong><img loading=\"lazy\" class=\"alignnone size-full wp-image-26503\" src=\"http:\/\/www.brazilianpress.com\/v1\/wp-content\/uploads\/2016\/12\/retrospectiva-2016-39.jpg\" alt=\"retrospectiva-2016-39\" width=\"450\" height=\"300\" srcset=\"https:\/\/www.brazilianpress.com\/v1\/wp-content\/uploads\/2016\/12\/retrospectiva-2016-39.jpg 450w, https:\/\/www.brazilianpress.com\/v1\/wp-content\/uploads\/2016\/12\/retrospectiva-2016-39-300x200.jpg 300w\" sizes=\"(max-width: 450px) 100vw, 450px\" \/><br \/>\nElei\u00e7\u00f5es 2016: PT sofre maior derrota eleitoral da hist\u00f3ria,\u00a0enquanto PSDB avan\u00e7a pelo Pa\u00eds<\/strong><\/p>\n<p>Ap\u00f3s 13 anos no poder, em 2016 o PT sentiu pela primeira vez o peso do desgaste pol\u00edtico que a crise causou \u00e0 imagem da legenda. O partido foi o grande derrotado das elei\u00e7\u00f5es municipais e, pior que isso, perdeu espa\u00e7o para o grande advers\u00e1rio: o PSDB. O PT perdeu 60,2% das prefeituras, em compara\u00e7\u00e3o com 2012. Tinha 638 e ficou com 254. Do outro lado, o PSDB, que tinha 695, subiu para 803 munic\u00edpios: aumento de 15,5%.<\/p>\n<p><strong>\u00c1gua em Lua de J\u00fapiter, viagem para Marte e ondas gravitacionais: os destaques do ano da astronomia<\/strong><\/p>\n<p>Os seres humanos come\u00e7aram a olhar para o espa\u00e7o com mais do que admira\u00e7\u00e3o em 2016. O ano foi marcante em diversos sentidos para o campo da astronomia: hip\u00f3teses antigas foram confirmadas e os cientistas ganharam aliados importantes para transformar outros lugares do Sistema Solar em futuras casas para a humanidade.<\/p>\n<p><strong><img loading=\"lazy\" class=\"alignnone size-full wp-image-26516\" src=\"http:\/\/www.brazilianpress.com\/v1\/wp-content\/uploads\/2016\/12\/retrospectiva-2016-27.jpg\" alt=\"retrospectiva-2016-27\" width=\"450\" height=\"395\" srcset=\"https:\/\/www.brazilianpress.com\/v1\/wp-content\/uploads\/2016\/12\/retrospectiva-2016-27.jpg 450w, https:\/\/www.brazilianpress.com\/v1\/wp-content\/uploads\/2016\/12\/retrospectiva-2016-27-300x263.jpg 300w\" sizes=\"(max-width: 450px) 100vw, 450px\" \/><br \/>\nCruyff, Muhammad Ali, &#8216;Capita&#8217;: os atletas que deixaram o mundo em luto em 2016<\/strong><\/p>\n<p>2016 foi um ano triste para o mundo dos esportes. Atletas e ex-atletas queridos por todos deixaram amigos, f\u00e3s e familiares carentes depois de morrerem<\/p>\n<p><strong>Atentado na B\u00e9lgica<\/strong><\/p>\n<p>Bruxelas, B\u00e9lgica: tr\u00eas homens-bomba causaram a morte de 35 pessoas no aeroporto e no metr\u00f4 da capital belga, na manh\u00e3 de 22 de mar\u00e7o. Cerca de 300 pessoas ficaram feridas. Os atentados foram reivindicados pelo grupo terrorista Estado Isl\u00e2mico.<\/p>\n<p><strong>Ataque em festa na T\u00farquia<\/strong><\/p>\n<p>Gaziantep, Turquia: um ataque suicida durante uma festa de casamento matou 53 pessoas, sendo 22 crian\u00e7as, em 22 de agosto. O autor tamb\u00e9m era uma crian\u00e7a, segundo as autoridades, e teria sido comandado pelo Estado Isl\u00e2mico<\/p>\n<p><strong><img loading=\"lazy\" class=\"alignnone size-full wp-image-26500\" src=\"http:\/\/www.brazilianpress.com\/v1\/wp-content\/uploads\/2016\/12\/retrospectiva-2016-36.jpg\" alt=\"retrospectiva-2016-36\" width=\"450\" height=\"338\" srcset=\"https:\/\/www.brazilianpress.com\/v1\/wp-content\/uploads\/2016\/12\/retrospectiva-2016-36.jpg 450w, https:\/\/www.brazilianpress.com\/v1\/wp-content\/uploads\/2016\/12\/retrospectiva-2016-36-300x225.jpg 300w\" sizes=\"(max-width: 450px) 100vw, 450px\" \/><br \/>\nGr\u00e9cia: \u201cA pol\u00edcia nos empurrou como se f\u00f4ssemos animais&#8221;<\/strong><\/p>\n<p>Safiullah, sua esposa Farahnaz e seus dois filhos estavam dormindo em uma tenda na linha do trem do vilarejo de Idomeni, pr\u00f3ximo \u00e0 fronteira com a Ex-Rep\u00fablica Iugoslava da Maced\u00f4nia, quando foram retirados \u00e0 for\u00e7a pela pol\u00edcia e mandados de volta para Atenas. \u201cA pol\u00edcia nos empurrou para dentro do \u00f4nibus como se f\u00f4ssemos animais\u201d, diz Safiullah. \u201cEles n\u00e3o permitiam que f\u00f4ssemos a lugar algum e nos acompanhavam at\u00e9 para irmos ao banheiro. Nos trouxeram ao acampamento de Elliniko, e nos disseram que poder\u00edamos retornar quando a fronteira estivesse aberta novamente. \u201d Quase sete meses depois, Safiullah, que tem 26 anos, ainda vive em uma tenda em Elliniko. Antes, ele era um vendedor de frutas no Afeganist\u00e3o.<\/p>\n<p><strong><img loading=\"lazy\" class=\"alignnone size-full wp-image-26508\" src=\"http:\/\/www.brazilianpress.com\/v1\/wp-content\/uploads\/2016\/12\/retrospectiva-2016-44.jpg\" alt=\"retrospectiva-2016-44\" width=\"450\" height=\"253\" srcset=\"https:\/\/www.brazilianpress.com\/v1\/wp-content\/uploads\/2016\/12\/retrospectiva-2016-44.jpg 450w, https:\/\/www.brazilianpress.com\/v1\/wp-content\/uploads\/2016\/12\/retrospectiva-2016-44-300x169.jpg 300w\" sizes=\"(max-width: 450px) 100vw, 450px\" \/><br \/>\nVoo da Chapecoense<\/strong><\/p>\n<p>O voo que levava a Chapecoense para a final da Copa Sul-Americana caiu antes de chegar ao destino, matando 71 pessoas entre jogadores, comiss\u00e3o t\u00e9cnica, dirigentes\u00a0e jornalistas. Confira os nomes dos que estavam no voo. Eram 77 pessoas a\u00a0bordo.<\/p>\n<p><strong><img loading=\"lazy\" class=\"alignnone size-full wp-image-26517\" src=\"http:\/\/www.brazilianpress.com\/v1\/wp-content\/uploads\/2016\/12\/retrospectiva-2016-28.jpg\" alt=\"retrospectiva-2016-28\" width=\"450\" height=\"300\" srcset=\"https:\/\/www.brazilianpress.com\/v1\/wp-content\/uploads\/2016\/12\/retrospectiva-2016-28.jpg 450w, https:\/\/www.brazilianpress.com\/v1\/wp-content\/uploads\/2016\/12\/retrospectiva-2016-28-300x200.jpg 300w\" sizes=\"(max-width: 450px) 100vw, 450px\" \/><br \/>\nCom 24 medalhas no curr\u00edculo, Daniel Dias quer disputar \u201cmais duas ou tr\u00eas\u201d Paralimp\u00edadas<\/strong><\/p>\n<p>Brasileiro diz que j\u00e1 est\u00e1 treinando para T\u00f3quio 2020 e relembra emo\u00e7\u00e3o de competir em casa nos Jogos Rio 2016 As nove medalhas em nove provas conquistadas nos Jogos Paral\u00edmpicos Rio 2016 al\u00e7aram o nadador Daniel Dias ao status de lenda do esporte. Somando as tr\u00eas participa\u00e7\u00f5es no evento, o brasileiro soma 24 p\u00f3dios na carreira, um recorde entre os homens na nata\u00e7\u00e3o paral\u00edmpica. Daniel j\u00e1 fez hist\u00f3ria, mas segue com vontade de colecionar medalhas. \u201cEspero competir em mais duas ou tr\u00eas Paralimp\u00edadas e ajudar o esporte paral\u00edmpico a crescer\u201d, disse Daniel, em entrevista ao Comit\u00ea Paral\u00edmpico Internacional (IPC, em ingl\u00eas). \u201cJ\u00e1 estou treinando para o Mundial do ano que vem, no M\u00e9xico, para o Parapan de Lima, em 2019, e, claro, para os Jogos de T\u00f3quio 2020\u201d, avisou.<\/p>\n<p><strong><img loading=\"lazy\" class=\"alignnone size-full wp-image-26519\" src=\"http:\/\/www.brazilianpress.com\/v1\/wp-content\/uploads\/2016\/12\/retrospectiva-2016-30.jpg\" alt=\"retrospectiva-2016-30\" width=\"450\" height=\"235\" srcset=\"https:\/\/www.brazilianpress.com\/v1\/wp-content\/uploads\/2016\/12\/retrospectiva-2016-30.jpg 450w, https:\/\/www.brazilianpress.com\/v1\/wp-content\/uploads\/2016\/12\/retrospectiva-2016-30-300x157.jpg 300w\" sizes=\"(max-width: 450px) 100vw, 450px\" \/><br \/>\nDilma Rousseff saiu da presid\u00eancia do Brasil<\/strong><\/p>\n<p>O\u00a0impeachment de Dilma Rousseff\u00a0e todos os seus desdobramentos pol\u00edticos, foi, sem d\u00favida, o assunto de maior interesse dos leitores do Brasil no ano prestes a terminar. Em 2016, a pol\u00edtica brasileira se tornou o segundo assunto de maior engajamento do Facebook mundial, atr\u00e1s apenas das elei\u00e7\u00f5es norte-americanas.<\/p>\n","protected":false},"excerpt":{"rendered":"<p>2016 foi um ano totalmente at\u00edpico. Foi um ano surreal, marcado por guerras, mortes e viola\u00e7\u00f5es dos direitos humanos mundo afora e desastres a\u00e9reos. Por isso dividiremos em tr\u00eas partes:<\/p>\n","protected":false},"author":1,"featured_media":26494,"comment_status":"open","ping_status":"open","sticky":false,"template":"","format":"standard","meta":{"_links_to":"","_links_to_target":""},"categories":[4,19,1],"tags":[],"views":3632,"_links":{"self":[{"href":"https:\/\/www.brazilianpress.com\/v1\/wp-json\/wp\/v2\/posts\/26493"}],"collection":[{"href":"https:\/\/www.brazilianpress.com\/v1\/wp-json\/wp\/v2\/posts"}],"about":[{"href":"https:\/\/www.brazilianpress.com\/v1\/wp-json\/wp\/v2\/types\/post"}],"author":[{"embeddable":true,"href":"https:\/\/www.brazilianpress.com\/v1\/wp-json\/wp\/v2\/users\/1"}],"replies":[{"embeddable":true,"href":"https:\/\/www.brazilianpress.com\/v1\/wp-json\/wp\/v2\/comments?post=26493"}],"version-history":[{"count":2,"href":"https:\/\/www.brazilianpress.com\/v1\/wp-json\/wp\/v2\/posts\/26493\/revisions"}],"predecessor-version":[{"id":26521,"href":"https:\/\/www.brazilianpress.com\/v1\/wp-json\/wp\/v2\/posts\/26493\/revisions\/26521"}],"wp:featuredmedia":[{"embeddable":true,"href":"https:\/\/www.brazilianpress.com\/v1\/wp-json\/wp\/v2\/media\/26494"}],"wp:attachment":[{"href":"https:\/\/www.brazilianpress.com\/v1\/wp-json\/wp\/v2\/media?parent=26493"}],"wp:term":[{"taxonomy":"category","embeddable":true,"href":"https:\/\/www.brazilianpress.com\/v1\/wp-json\/wp\/v2\/categories?post=26493"},{"taxonomy":"post_tag","embeddable":true,"href":"https:\/\/www.brazilianpress.com\/v1\/wp-json\/wp\/v2\/tags?post=26493"}],"curies":[{"name":"wp","href":"https:\/\/api.w.org\/{rel}","templated":true}]}}