{"id":26553,"date":"2017-01-05T11:01:04","date_gmt":"2017-01-05T15:01:04","guid":{"rendered":"http:\/\/www.brazilianpress.com\/v1\/?p=26553"},"modified":"2017-01-05T16:11:58","modified_gmt":"2017-01-05T20:11:58","slug":"agenda-cultural-05012017-by-roger-costa","status":"publish","type":"post","link":"https:\/\/www.brazilianpress.com\/v1\/2017\/01\/05\/agenda-cultural-05012017-by-roger-costa\/","title":{"rendered":"Agenda Cultural 05\/01\/2017, by Roger Costa"},"content":{"rendered":"<p><img loading=\"lazy\" class=\"alignnone size-full wp-image-26554\" src=\"http:\/\/www.brazilianpress.com\/v1\/wp-content\/uploads\/2017\/01\/agenda-ed1817-20170105-1.jpg\" alt=\"agenda-ed1817-20170105-1\" width=\"500\" height=\"218\" srcset=\"https:\/\/www.brazilianpress.com\/v1\/wp-content\/uploads\/2017\/01\/agenda-ed1817-20170105-1.jpg 500w, https:\/\/www.brazilianpress.com\/v1\/wp-content\/uploads\/2017\/01\/agenda-ed1817-20170105-1-300x131.jpg 300w\" sizes=\"(max-width: 500px) 100vw, 500px\" \/><\/p>\n<p><strong>*Cowboys brasileiros disputam o maior campeonato profissional no Madison Square Garden&gt; <\/strong>O <strong>Professional Bull Riders <\/strong>d\u00e1 in\u00edcio \u00e0 temporada 2017 na Grande Maca de sexta a domingo, com as apresenta\u00e7\u00f5es dos vaqueiros mais audaciosos e velozes do mundo enfrentando touros furiosos. <!--more-->Entre os cowboys em destaque, os campe\u00f5es brasileiros Paulo Lima, Silvano Alves e Robson Palermo e outros disputar\u00e3o pr\u00eamios milion\u00e1rios. Ingressos a partir de $30. Sexta e s\u00e1bado a partir das 7h30pm e domingo \u00e0 1h30 da tarde. <strong><em>INFO: <\/em><\/strong><strong><em><a href=\"www.ticketmaster.com\">www.ticketmaster.com<\/a><\/em><\/strong><strong><em>.<\/em><\/strong><\/p>\n<p><strong><img loading=\"lazy\" class=\"alignnone size-full wp-image-26556\" src=\"http:\/\/www.brazilianpress.com\/v1\/wp-content\/uploads\/2017\/01\/agenda-ed1817-20170105-3.jpg\" alt=\"agenda-ed1817-20170105-3\" width=\"500\" height=\"270\" srcset=\"https:\/\/www.brazilianpress.com\/v1\/wp-content\/uploads\/2017\/01\/agenda-ed1817-20170105-3.jpg 500w, https:\/\/www.brazilianpress.com\/v1\/wp-content\/uploads\/2017\/01\/agenda-ed1817-20170105-3-300x162.jpg 300w\" sizes=\"(max-width: 500px) 100vw, 500px\" \/><br \/>\n*MoMA promove evento especial com filme, Live Music e vinho&gt; <\/strong>Como parte da s\u00e9rie The Contenders, sele\u00e7\u00e3o dos melhores do ano realizado pelo Museu, acontece neste s\u00e1bado a partir das 7h30pm o m\u00faltiplo evento art\u00edstico <strong>&#8220;PopRally Presents: Don\u2019t Blink&#8221;<\/strong>. O programa inclui a exibi\u00e7\u00e3o do document\u00e1rio &#8220;Don&#8217;t Blink&#8221; dirigido por Laura Israel que explora a carreira do fot\u00f3grafo Robert Frank, conversa\u00e7\u00e3o com a diretora e o curador John Siegel, m\u00fasica ao vivo com DJ, e network com drinks, beer e vinho. Ingresso $15. <strong><em>INFO: <\/em><\/strong><strong><em><a href=\"https:\/\/www.moma.org\/calendar\/events\/2733?locale=en\">https:\/\/www.moma.org\/calendar\/events\/2733?locale=en<\/a><\/em><\/strong><strong><em>.<\/em><\/strong><\/p>\n<p><strong><img loading=\"lazy\" class=\"alignnone size-full wp-image-26555\" src=\"http:\/\/www.brazilianpress.com\/v1\/wp-content\/uploads\/2017\/01\/agenda-ed1817-20170105-2.jpg\" alt=\"agenda-ed1817-20170105-2\" width=\"500\" height=\"258\" srcset=\"https:\/\/www.brazilianpress.com\/v1\/wp-content\/uploads\/2017\/01\/agenda-ed1817-20170105-2.jpg 500w, https:\/\/www.brazilianpress.com\/v1\/wp-content\/uploads\/2017\/01\/agenda-ed1817-20170105-2-300x155.jpg 300w\" sizes=\"(max-width: 500px) 100vw, 500px\" \/><br \/>\n*Dan\u00e7arina em Ascen\u00e7\u00e3o, Ingrid Silva integra respeitada companhia Dance Theatre of Harlem&gt; <\/strong>Pr\u00f3ximo s\u00e1bado, dia 14, \u00e0s 8h00pm, a companhia apresenta espet\u00e1culo em <strong>Tributo a Martin Luther King, no NJPAC em Newark <\/strong>incluindo as apresenta\u00e7\u00f5es de &#8220;Equilibrium&#8221; destacando o atletismo de seus dan\u00e7arinos, e &#8220;New Bach&#8221; fus\u00e3o de ballet neocl\u00e1ssico e dan\u00e7a moderna. Conhecida por sua vitalidade cultural e for\u00e7a expressiva, al\u00e9m de sua hist\u00f3ria, a Dance Theatre of Harlem \u00e9 parte referencial da cultura americana. A carioca Ingrid Silva participa do espet\u00e1culo sendo um dos talentos jovens mais vibrantes da companhia, destaque no segmento &#8220;Vessels&#8221;, coreografia que explora e desafia os limites de resist\u00eancia corporal. Ingressos $29-$65. <strong><em>INFO: <\/em><\/strong><strong><em><a href=\"http:\/\/www.njpac.org\/events\/detail\/dance-theatre-of-harlem-mlk-celebration-2016-17\">http:\/\/www.njpac.org\/events\/detail\/dance-theatre-of-harlem-mlk-celebration-2016-17<\/a><\/em><\/strong><strong><em>. <\/em><\/strong><\/p>\n<p><strong><img loading=\"lazy\" class=\"alignnone size-full wp-image-26557\" src=\"http:\/\/www.brazilianpress.com\/v1\/wp-content\/uploads\/2017\/01\/agenda-ed1817-20170105-4.jpg\" alt=\"agenda-ed1817-20170105-4\" width=\"500\" height=\"325\" srcset=\"https:\/\/www.brazilianpress.com\/v1\/wp-content\/uploads\/2017\/01\/agenda-ed1817-20170105-4.jpg 500w, https:\/\/www.brazilianpress.com\/v1\/wp-content\/uploads\/2017\/01\/agenda-ed1817-20170105-4-300x195.jpg 300w\" sizes=\"(max-width: 500px) 100vw, 500px\" \/><br \/>\n*Pentacle Management promove festival de dan\u00e7a com apresenta\u00e7\u00f5es de 16 companhias&gt; <\/strong>O APAP acontece de sexta a domingo em v\u00e1rios locais em NYC com programas de curtas apresenta\u00e7\u00f5es de companhias americanas em destaque, incluindo <strong>SITI COMPANY (foto) na noite de abertura com Recep\u00e7\u00e3o <\/strong>no Peter Zeisler Studio (520 8th Avenue, suite 311), <strong>BRIDGMAN\/PACKER DANCE <\/strong>e DAVID DORFMAN DANCE no s\u00e1bado no CITY CENTER STUDIOS (130 West 56 Street). <strong><em>INFO: <\/em><\/strong><strong><em><a href=\"http:\/\/www.pentacle.org\/pentacle-rosters\/apap-2017\/\">http:\/\/www.pentacle.org\/pentacle-rosters\/apap-2017\/<\/a>.<\/em><\/strong><\/p>\n","protected":false},"excerpt":{"rendered":"<p>*Cowboys brasileiros disputam o maior campeonato profissional no Madison Square Garden&gt; O Professional Bull Riders d\u00e1 in\u00edcio \u00e0 temporada 2017 na Grande Maca de sexta a domingo, com as apresenta\u00e7\u00f5es dos vaqueiros mais audaciosos e velozes do mundo enfrentando touros furiosos.<\/p>\n","protected":false},"author":1,"featured_media":26554,"comment_status":"open","ping_status":"open","sticky":false,"template":"","format":"standard","meta":{"_links_to":"","_links_to_target":""},"categories":[20,1],"tags":[],"views":2070,"_links":{"self":[{"href":"https:\/\/www.brazilianpress.com\/v1\/wp-json\/wp\/v2\/posts\/26553"}],"collection":[{"href":"https:\/\/www.brazilianpress.com\/v1\/wp-json\/wp\/v2\/posts"}],"about":[{"href":"https:\/\/www.brazilianpress.com\/v1\/wp-json\/wp\/v2\/types\/post"}],"author":[{"embeddable":true,"href":"https:\/\/www.brazilianpress.com\/v1\/wp-json\/wp\/v2\/users\/1"}],"replies":[{"embeddable":true,"href":"https:\/\/www.brazilianpress.com\/v1\/wp-json\/wp\/v2\/comments?post=26553"}],"version-history":[{"count":1,"href":"https:\/\/www.brazilianpress.com\/v1\/wp-json\/wp\/v2\/posts\/26553\/revisions"}],"predecessor-version":[{"id":26558,"href":"https:\/\/www.brazilianpress.com\/v1\/wp-json\/wp\/v2\/posts\/26553\/revisions\/26558"}],"wp:featuredmedia":[{"embeddable":true,"href":"https:\/\/www.brazilianpress.com\/v1\/wp-json\/wp\/v2\/media\/26554"}],"wp:attachment":[{"href":"https:\/\/www.brazilianpress.com\/v1\/wp-json\/wp\/v2\/media?parent=26553"}],"wp:term":[{"taxonomy":"category","embeddable":true,"href":"https:\/\/www.brazilianpress.com\/v1\/wp-json\/wp\/v2\/categories?post=26553"},{"taxonomy":"post_tag","embeddable":true,"href":"https:\/\/www.brazilianpress.com\/v1\/wp-json\/wp\/v2\/tags?post=26553"}],"curies":[{"name":"wp","href":"https:\/\/api.w.org\/{rel}","templated":true}]}}