{"id":26560,"date":"2017-01-05T12:32:52","date_gmt":"2017-01-05T16:32:52","guid":{"rendered":"http:\/\/www.brazilianpress.com\/v1\/?p=26560"},"modified":"2017-01-05T12:32:52","modified_gmt":"2017-01-05T16:32:52","slug":"flamengo-reduz-90-das-acoes-e-ja-debate-saida-do-ato-trabalhista","status":"publish","type":"post","link":"https:\/\/www.brazilianpress.com\/v1\/2017\/01\/05\/flamengo-reduz-90-das-acoes-e-ja-debate-saida-do-ato-trabalhista\/","title":{"rendered":"Flamengo reduz 90% das a\u00e7\u00f5es e j\u00e1 debate sa\u00edda do Ato Trabalhista"},"content":{"rendered":"<p><img loading=\"lazy\" class=\"alignnone size-full wp-image-26561\" src=\"http:\/\/www.brazilianpress.com\/v1\/wp-content\/uploads\/2017\/01\/flamengo-eduardo-bandeira.jpg\" alt=\"_flamengo-eduardo-bandeira\" width=\"500\" height=\"300\" srcset=\"https:\/\/www.brazilianpress.com\/v1\/wp-content\/uploads\/2017\/01\/flamengo-eduardo-bandeira.jpg 500w, https:\/\/www.brazilianpress.com\/v1\/wp-content\/uploads\/2017\/01\/flamengo-eduardo-bandeira-300x180.jpg 300w\" sizes=\"(max-width: 500px) 100vw, 500px\" \/><\/p>\n<p>O Flamengo iniciou 2017 com uma meta ousada, mas poss\u00edvel de ser alcan\u00e7ada pelo hist\u00f3rico dos \u00faltimos anos. O clube fechou 2016 com redu\u00e7\u00e3o de quase 90% nas a\u00e7\u00f5es trabalhistas. Eram mais de 500 em janeiro de 2013. Atualmente, s\u00e3o cerca de 60 em curso. A curva descendente faz a diretoria iniciar o debate sobre uma poss\u00edvel sa\u00edda do Ato Trabalhista.<!--more--><\/p>\n<p>No acordo firmado pelo Rubro-negro, 15% das receitas &#8211; patroc\u00ednio, cota de TV, bilheteria, etc &#8211; s\u00e3o centralizadas em uma conta judicial para pagamentos aos credores. No entanto, a consider\u00e1vel resolu\u00e7\u00e3o dos casos coloca em an\u00e1lise a necessidade da manuten\u00e7\u00e3o.<\/p>\n<p>Em 2013, o Flamengo lidou com uma m\u00e9dia de 100 novas a\u00e7\u00f5es. Em 2014 e 2015, foram 50 processos novos a cada ano. J\u00e1 2016 encerrou com 26 novas a\u00e7\u00f5es &#8211; redu\u00e7\u00e3o de aproximadamente 50% em rela\u00e7\u00e3o aos dois anos anteriores. Foram mais de 160 acordos desde janeiro de 2013 com jogadores, ex-atletas e demais funcion\u00e1rios. Aproximadamente R$ 78 milh\u00f5es foram pagos pelo clube com dinheiro oriundo do Ato Trabalhista.<\/p>\n<p>&#8220;A ideia \u00e9 manter esse \u00edndice baixo de a\u00e7\u00f5es e caminhar para um n\u00famero entre 20 e 30 em curso. \u00c9 algo natural ao longo do tempo quando o empregador cumpre as regras. O Flamengo paga tudo de forma correta desde 2013 e chega em um momento de excel\u00eancia na gest\u00e3o. Isso nos permite reavaliar ao longo de 2017 a necessidade de manuten\u00e7\u00e3o no Ato Trabalhista, principalmente em raz\u00e3o do dinheiro que fica preso na conta sem utiliza\u00e7\u00e3o&#8221;, afirmou o diretor jur\u00eddico Bernardo Accioly.<\/p>\n<p>&#8220;O Flamengo mant\u00e9m o controle semanal do Ato e tem um saldo absolutamente positivo. N\u00e3o existe mais fila. J\u00e1 pegamos 70 processos na fila em 2013. Hoje, temos o saldo, firmamos o acordo e pagamos. Os reclamantes n\u00e3o esperam para receber. Antigamente, existia o acordo, mas n\u00e3o o dinheiro. Agora \u00e9 o inverso. Se o Flamengo avaliar que a quantidade de pagamentos n\u00e3o \u00e9 suficiente para alcan\u00e7ar os valores depositados no Ato, n\u00e3o far\u00e1 sentido manter a conta parada. O dinheiro pode ser utilizado em outras frentes. Sal\u00e1rios, tributos, despesas. \u00c9 uma an\u00e1lise inicial e que ser\u00e1 observada ao longo do ano&#8221;, completou o executivo.<\/p>\n<p><strong>D\u00edvida com Rom\u00e1rio faz parte do passado<\/strong><\/p>\n<p>Dos muitos acordos que o Flamengo firmou em 2016, dois deles s\u00e3o significativos pela relev\u00e2ncia dos nomes envolvidos e o impacto nas finan\u00e7as do clube. Com Ronaldinho Ga\u00facho, um termo de concilia\u00e7\u00e3o para o\u00a0<strong>pagamento de R$ 17 milh\u00f5es<\/strong>. J\u00e1 com Rom\u00e1rio, o fim de um imbr\u00f3glio de 20 anos,\u00a0<strong>conforme o UOL Esporte publicou no \u00faltimo s\u00e1bado<\/strong>.<\/p>\n<p>O Baixinho ainda tinha a receber cerca de R$ 18 milh\u00f5es parcelados at\u00e9 2022. O valor era corrigido a cada 12 meses. As \u00faltimas parcelas mensais estavam em R$ 190 mil. Para liquidar a fatura, as partes decidiram trazer a valor presente a d\u00edvida total. Sem as corre\u00e7\u00f5es, o atual senador ainda receberia em torno de R$ 12 milh\u00f5es do Flamengo.<\/p>\n<p>Durante as conversas, Rom\u00e1rio deu 50% de desconto e o Rubro-negro quitou de uma s\u00f3 vez cerca de R$ 6 milh\u00f5es para colocar fim ao antigo impasse. O Flamengo tamb\u00e9m pagou em 2015 uma d\u00edvida de R$ 4,2 milh\u00f5es com o atual senador. O d\u00e9bito, neste caso, era por conta de encargos n\u00e3o recolhidos entre 1995 e 1999.<\/p>\n","protected":false},"excerpt":{"rendered":"<p>O Flamengo iniciou 2017 com uma meta ousada, mas poss\u00edvel de ser alcan\u00e7ada pelo hist\u00f3rico dos \u00faltimos anos. O clube fechou 2016 com redu\u00e7\u00e3o de quase 90% nas a\u00e7\u00f5es trabalhistas. Eram mais de 500 em janeiro de 2013. Atualmente, s\u00e3o cerca de 60 em curso. A curva descendente faz a diretoria iniciar o debate sobre uma poss\u00edvel sa\u00edda do Ato Trabalhista.<\/p>\n","protected":false},"author":1,"featured_media":26561,"comment_status":"open","ping_status":"open","sticky":false,"template":"","format":"standard","meta":{"_links_to":"","_links_to_target":""},"categories":[9,1],"tags":[],"views":1728,"_links":{"self":[{"href":"https:\/\/www.brazilianpress.com\/v1\/wp-json\/wp\/v2\/posts\/26560"}],"collection":[{"href":"https:\/\/www.brazilianpress.com\/v1\/wp-json\/wp\/v2\/posts"}],"about":[{"href":"https:\/\/www.brazilianpress.com\/v1\/wp-json\/wp\/v2\/types\/post"}],"author":[{"embeddable":true,"href":"https:\/\/www.brazilianpress.com\/v1\/wp-json\/wp\/v2\/users\/1"}],"replies":[{"embeddable":true,"href":"https:\/\/www.brazilianpress.com\/v1\/wp-json\/wp\/v2\/comments?post=26560"}],"version-history":[{"count":1,"href":"https:\/\/www.brazilianpress.com\/v1\/wp-json\/wp\/v2\/posts\/26560\/revisions"}],"predecessor-version":[{"id":26562,"href":"https:\/\/www.brazilianpress.com\/v1\/wp-json\/wp\/v2\/posts\/26560\/revisions\/26562"}],"wp:featuredmedia":[{"embeddable":true,"href":"https:\/\/www.brazilianpress.com\/v1\/wp-json\/wp\/v2\/media\/26561"}],"wp:attachment":[{"href":"https:\/\/www.brazilianpress.com\/v1\/wp-json\/wp\/v2\/media?parent=26560"}],"wp:term":[{"taxonomy":"category","embeddable":true,"href":"https:\/\/www.brazilianpress.com\/v1\/wp-json\/wp\/v2\/categories?post=26560"},{"taxonomy":"post_tag","embeddable":true,"href":"https:\/\/www.brazilianpress.com\/v1\/wp-json\/wp\/v2\/tags?post=26560"}],"curies":[{"name":"wp","href":"https:\/\/api.w.org\/{rel}","templated":true}]}}