{"id":26566,"date":"2017-01-05T12:35:36","date_gmt":"2017-01-05T16:35:36","guid":{"rendered":"http:\/\/www.brazilianpress.com\/v1\/?p=26566"},"modified":"2017-01-05T13:00:44","modified_gmt":"2017-01-05T17:00:44","slug":"por-que-cruzeiro-ainda-nao-confirmou-contratacao-de-thiago-neves","status":"publish","type":"post","link":"https:\/\/www.brazilianpress.com\/v1\/2017\/01\/05\/por-que-cruzeiro-ainda-nao-confirmou-contratacao-de-thiago-neves\/","title":{"rendered":"Por que Cruzeiro ainda n\u00e3o confirmou contrata\u00e7\u00e3o de Thiago Neves"},"content":{"rendered":"<p><img loading=\"lazy\" class=\"alignnone size-full wp-image-26567\" src=\"http:\/\/www.brazilianpress.com\/v1\/wp-content\/uploads\/2017\/01\/thiago-neves-cruzeiro.jpg\" alt=\"_thiago-neves-cruzeiro\" width=\"501\" height=\"300\" srcset=\"https:\/\/www.brazilianpress.com\/v1\/wp-content\/uploads\/2017\/01\/thiago-neves-cruzeiro.jpg 501w, https:\/\/www.brazilianpress.com\/v1\/wp-content\/uploads\/2017\/01\/thiago-neves-cruzeiro-300x180.jpg 300w\" sizes=\"(max-width: 501px) 100vw, 501px\" \/><\/p>\n<p>O Cruzeiro anunciou a contrata\u00e7\u00e3o de Thiago Neves nessa segunda-feira (2), data de seu 96\u00ba anivers\u00e1rio, mas voltou atr\u00e1s rapidamente e explicou que o jogador ainda n\u00e3o est\u00e1 confirmado como novo refor\u00e7o. Mas por que a diretoria recuou t\u00e3o rapidamente? A reportagem explica os detalhes da negocia\u00e7\u00e3o.<!--more--><\/p>\n<p>O primeiro ponto para responder a esta pergunta \u00e9 o fato de o Al-Jazira, dos Emirados \u00c1rabes Unidos, ainda n\u00e3o ter liberado toda a documenta\u00e7\u00e3o para a mudan\u00e7a imediata do jogador. \u00c9 necess\u00e1rio que o time e a federa\u00e7\u00e3o do pa\u00eds confirmem a rescis\u00e3o do atual contrato, v\u00e1lido at\u00e9 julho de 2018, para que o meia-atacante firme compromisso definitivo na Toca da Raposa II.<\/p>\n<p>Os mineiros enviaram dois emiss\u00e1rios a Abu Dhabi (o diretor das categorias de base Klauss C\u00e2mara e o advogado Breno Tannuri). A dupla tem a incumb\u00eancia de finalizar o acordo com o clube local para que o apoiador de 31 anos seja enfim confirmado como novo refor\u00e7o.<\/p>\n<p>Embora a transa\u00e7\u00e3o ainda dependa de alguns tr\u00e2mites burocr\u00e1ticos, o presidente Gilvan de Pinho Tavares est\u00e1 confiante em rela\u00e7\u00e3o ao acerto. O mandat\u00e1rio j\u00e1 recebeu uma resposta positiva de Thiago Neves e do empres\u00e1rio Leandro Lima, respons\u00e1vel por agenciar a carreira do atleta. Ele, inclusive, j\u00e1 assinou um documento dando prefer\u00eancia ao Cruzeiro.<\/p>\n<p>&#8220;N\u00e3o (h\u00e1 nenhuma possibilidade de o Thiago Neves n\u00e3o vir para o Cruzeiro). O empres\u00e1rio dele est\u00e1 pedindo para n\u00e3o divulgar para esperar o prazo de 48 horas de uma notifica\u00e7\u00e3o que eles enviaram ao clube. Ele tem valores grandes a receber do clube e estava com medo de dificultar para receber esses valores. Mas ele j\u00e1 est\u00e1 comprometido com o Cruzeiro e vir\u00e1 para o Cruzeiro&#8221;, afirmou.<\/p>\n<p>A negocia\u00e7\u00e3o com Thiago Neves deve ser finalizada somente nesta quarta-feira (4), quando vencer\u00e1 uma notifica\u00e7\u00e3o enviada pelo estafe do meia-atacante ao clube detentor de seus direitos econ\u00f4micos.<\/p>\n<p>&#8220;Ele est\u00e1 chegando, me ligou hoje e era mais de meia-noite l\u00e1. Ele disse que estava acabando de acertar. At\u00e9 dia 4 ele ficaria l\u00e1 porque deu a notifica\u00e7\u00e3o ao clube e o prazo era at\u00e9 dia 4. O empres\u00e1rio dele fez (a notifica\u00e7\u00e3o), com os advogados dele. Nosso advogado (Breno Tannuri) tamb\u00e9m est\u00e1 l\u00e1. Um diretor de futebol da base (Klauss C\u00e2mara) nosso tamb\u00e9m est\u00e1 l\u00e1. Devem chegar aqui dia 5, por a\u00ed&#8221;, concluiu.<\/p>\n<p>Ap\u00f3s a confus\u00e3o causada pelo an\u00fancio frustrado, o Cruzeiro emitiu nota nesta ter\u00e7a-feira &#8220;confirmando interesse&#8221; em Thiago Neves. De acordo com o comunicado, faltam apenas entraves burocr\u00e1ticos para oficializar a contrata\u00e7\u00e3o.<\/p>\n","protected":false},"excerpt":{"rendered":"<p>O Cruzeiro anunciou a contrata\u00e7\u00e3o de Thiago Neves nessa segunda-feira (2), data de seu 96\u00ba anivers\u00e1rio, mas voltou atr\u00e1s rapidamente e explicou que o jogador ainda n\u00e3o est\u00e1 confirmado como novo refor\u00e7o. Mas por que a diretoria recuou t\u00e3o rapidamente? A reportagem explica os detalhes da negocia\u00e7\u00e3o.<\/p>\n","protected":false},"author":1,"featured_media":26567,"comment_status":"open","ping_status":"open","sticky":false,"template":"","format":"standard","meta":{"_links_to":"","_links_to_target":""},"categories":[9,1],"tags":[],"views":1740,"_links":{"self":[{"href":"https:\/\/www.brazilianpress.com\/v1\/wp-json\/wp\/v2\/posts\/26566"}],"collection":[{"href":"https:\/\/www.brazilianpress.com\/v1\/wp-json\/wp\/v2\/posts"}],"about":[{"href":"https:\/\/www.brazilianpress.com\/v1\/wp-json\/wp\/v2\/types\/post"}],"author":[{"embeddable":true,"href":"https:\/\/www.brazilianpress.com\/v1\/wp-json\/wp\/v2\/users\/1"}],"replies":[{"embeddable":true,"href":"https:\/\/www.brazilianpress.com\/v1\/wp-json\/wp\/v2\/comments?post=26566"}],"version-history":[{"count":1,"href":"https:\/\/www.brazilianpress.com\/v1\/wp-json\/wp\/v2\/posts\/26566\/revisions"}],"predecessor-version":[{"id":26568,"href":"https:\/\/www.brazilianpress.com\/v1\/wp-json\/wp\/v2\/posts\/26566\/revisions\/26568"}],"wp:featuredmedia":[{"embeddable":true,"href":"https:\/\/www.brazilianpress.com\/v1\/wp-json\/wp\/v2\/media\/26567"}],"wp:attachment":[{"href":"https:\/\/www.brazilianpress.com\/v1\/wp-json\/wp\/v2\/media?parent=26566"}],"wp:term":[{"taxonomy":"category","embeddable":true,"href":"https:\/\/www.brazilianpress.com\/v1\/wp-json\/wp\/v2\/categories?post=26566"},{"taxonomy":"post_tag","embeddable":true,"href":"https:\/\/www.brazilianpress.com\/v1\/wp-json\/wp\/v2\/tags?post=26566"}],"curies":[{"name":"wp","href":"https:\/\/api.w.org\/{rel}","templated":true}]}}