{"id":26618,"date":"2017-01-05T16:03:50","date_gmt":"2017-01-05T20:03:50","guid":{"rendered":"http:\/\/www.brazilianpress.com\/v1\/?p=26618"},"modified":"2017-01-05T16:03:50","modified_gmt":"2017-01-05T20:03:50","slug":"estados-unidos-deportou-menos-indocumentados-em-2016","status":"publish","type":"post","link":"https:\/\/www.brazilianpress.com\/v1\/2017\/01\/05\/estados-unidos-deportou-menos-indocumentados-em-2016\/","title":{"rendered":"Estados Unidos deportou menos indocumentados em 2016"},"content":{"rendered":"<p><img loading=\"lazy\" class=\"alignnone size-full wp-image-26619\" src=\"http:\/\/www.brazilianpress.com\/v1\/wp-content\/uploads\/2017\/01\/deportacoes-indocumentados.jpg\" alt=\"deportacoes-indocumentados\" width=\"500\" height=\"281\" srcset=\"https:\/\/www.brazilianpress.com\/v1\/wp-content\/uploads\/2017\/01\/deportacoes-indocumentados.jpg 500w, https:\/\/www.brazilianpress.com\/v1\/wp-content\/uploads\/2017\/01\/deportacoes-indocumentados-300x169.jpg 300w\" sizes=\"(max-width: 500px) 100vw, 500px\" \/><\/p>\n<p>O Governo dos Estados Unidos deportou 450.954 imigrantes indocumentados no ano fiscal de 2016, aproximadamente 2.5 % menos que no exerc\u00edcio anterior, segundo dados informados na \u00faltima sexta-feira \u00e0 imprensa pelo Departamento de Seguran\u00e7a Nacional (DHS).<!--more--><\/p>\n<p>As 450.954 deporta\u00e7\u00f5es do ano fiscal de 2016, que vai de 1 de outubro de 2015 a 30 de setembro de 2016, sup\u00f5e um decr\u00e9scimo de 2,5 % com rela\u00e7\u00e3o ao ano anterior, quando as autoridades migrat\u00f3rias efetuaram 462.463 repatria\u00e7\u00f5es.<\/p>\n<p>Mesmo com a baixa das deporta\u00e7\u00f5es, o n\u00famero de deten\u00e7\u00f5es de imigrantes indocumentados cresceu e se situou em 530.250, o que sup\u00f5e um aumento de 30.41 % em rela\u00e7\u00e3o ao ano anterior, quando foram presos 406.595 ilegais.<\/p>\n<p>Este aumento no n\u00famero de deten\u00e7\u00f5es mostra que um maior n\u00famero de imigrantes est\u00e1 cruzando a fronteira e chegando aos Estados Unidos, uma tend\u00eancia que cuja maior repercuss\u00e3o foi 2014, com a chegada de milhares de crian\u00e7as desacompanhados procedentes da Am\u00e9rica Central.<\/p>\n<p>Os dados publicados n\u00e3o incluem as 46.191 deten\u00e7\u00f5es de outubro e as 47.214 pris\u00f5es de novembro, meses que foi registrado um aumento incomum da entrada clandestina de estrangeiros no pa\u00eds.<\/p>\n<p>Segundo v\u00e1rias organiza\u00e7\u00f5es, alguns imigrantes aceleraram sua viagem aos Estados Unidos por temor ao presidente eleito, Donald Trump, que assumir\u00e1 o poder em 20 de janeiro e que durante a campanha eleitoral prometeu construir um muro com M\u00e9xico e deportar os onze milh\u00f5es de imigrantes indocumentados que se calcula que vivem no pa\u00eds.<\/p>\n","protected":false},"excerpt":{"rendered":"<p>O Governo dos Estados Unidos deportou 450.954 imigrantes indocumentados no ano fiscal de 2016, aproximadamente 2.5 % menos que no exerc\u00edcio anterior, segundo dados informados na \u00faltima sexta-feira \u00e0 imprensa pelo Departamento de Seguran\u00e7a Nacional (DHS).<\/p>\n","protected":false},"author":1,"featured_media":26619,"comment_status":"open","ping_status":"open","sticky":false,"template":"","format":"standard","meta":{"_links_to":"","_links_to_target":""},"categories":[4,1],"tags":[],"views":2113,"_links":{"self":[{"href":"https:\/\/www.brazilianpress.com\/v1\/wp-json\/wp\/v2\/posts\/26618"}],"collection":[{"href":"https:\/\/www.brazilianpress.com\/v1\/wp-json\/wp\/v2\/posts"}],"about":[{"href":"https:\/\/www.brazilianpress.com\/v1\/wp-json\/wp\/v2\/types\/post"}],"author":[{"embeddable":true,"href":"https:\/\/www.brazilianpress.com\/v1\/wp-json\/wp\/v2\/users\/1"}],"replies":[{"embeddable":true,"href":"https:\/\/www.brazilianpress.com\/v1\/wp-json\/wp\/v2\/comments?post=26618"}],"version-history":[{"count":1,"href":"https:\/\/www.brazilianpress.com\/v1\/wp-json\/wp\/v2\/posts\/26618\/revisions"}],"predecessor-version":[{"id":26620,"href":"https:\/\/www.brazilianpress.com\/v1\/wp-json\/wp\/v2\/posts\/26618\/revisions\/26620"}],"wp:featuredmedia":[{"embeddable":true,"href":"https:\/\/www.brazilianpress.com\/v1\/wp-json\/wp\/v2\/media\/26619"}],"wp:attachment":[{"href":"https:\/\/www.brazilianpress.com\/v1\/wp-json\/wp\/v2\/media?parent=26618"}],"wp:term":[{"taxonomy":"category","embeddable":true,"href":"https:\/\/www.brazilianpress.com\/v1\/wp-json\/wp\/v2\/categories?post=26618"},{"taxonomy":"post_tag","embeddable":true,"href":"https:\/\/www.brazilianpress.com\/v1\/wp-json\/wp\/v2\/tags?post=26618"}],"curies":[{"name":"wp","href":"https:\/\/api.w.org\/{rel}","templated":true}]}}