{"id":26627,"date":"2017-01-05T16:11:29","date_gmt":"2017-01-05T20:11:29","guid":{"rendered":"http:\/\/www.brazilianpress.com\/v1\/?p=26627"},"modified":"2017-01-12T09:37:42","modified_gmt":"2017-01-12T13:37:42","slug":"fui-mantida-como-escrava-sexual-por-13-anos-e-meus-bebes-eram-vendidos","status":"publish","type":"post","link":"https:\/\/www.brazilianpress.com\/v1\/2017\/01\/05\/fui-mantida-como-escrava-sexual-por-13-anos-e-meus-bebes-eram-vendidos\/","title":{"rendered":"\u2018Fui mantida como escrava sexual por 13 anos e meus beb\u00eas eram vendidos\u2019"},"content":{"rendered":"<p><img loading=\"lazy\" class=\"alignnone size-full wp-image-26628\" src=\"http:\/\/www.brazilianpress.com\/v1\/wp-content\/uploads\/2017\/01\/escrava.jpg\" alt=\"escrava\" width=\"500\" height=\"281\" srcset=\"https:\/\/www.brazilianpress.com\/v1\/wp-content\/uploads\/2017\/01\/escrava.jpg 500w, https:\/\/www.brazilianpress.com\/v1\/wp-content\/uploads\/2017\/01\/escrava-300x169.jpg 300w\" sizes=\"(max-width: 500px) 100vw, 500px\" \/><\/p>\n<p>A brit\u00e2nica Anna Ruston (nome fict\u00edcio) tinha apenas 15 anos quando foi sequestrada e mantida em cativeiro como escrava sexual, em uma casa na regi\u00e3o central da Inglaterra.<\/p>\n<p>Agora, aos 44 anos, ela acaba de lan\u00e7ar o livro\u00a0<em>Secret Slave<\/em>, no qual conta o seu drama &#8211; ela passou 13 anos presa &#8211; e como sobreviveu.<!--more--><\/p>\n<p>At\u00e9 hoje, passados 16 anos, Anna tem medo e n\u00e3o identifica o sequestrador &#8211; um motorista de t\u00e1xi asi\u00e1tico a quem deu o nome de Malik.<\/p>\n<p>Anna conta que era rejeitada pelos pais, e que conheceu o taxista Malik em 1987. Ele era bondoso com ela, ficaram amigos e, um dia, ele a convidou para conhecer sua fam\u00edlia e tomar um ch\u00e1.<\/p>\n<p>Malik morava com os irm\u00e3os, suas mulheres, filhos e a m\u00e3e. Depois do ch\u00e1, insistiu para que ela passasse a noite na casa. Come\u00e7ava o inferno da jovem, que foi estuprada nessa mesma noite.<\/p>\n<p>A garota era sistematicamente estuprada e sofria abusos e maus-tratos tamb\u00e9m dos parentes e amigos do sequestrador, que a oferecia como prostituta.<\/p>\n<p>Anna teve quatro filhos que foram entregues a desconhecidos. Ela lembra o nascimento do primeiro beb\u00ea:<\/p>\n<p>&#8220;Segurei meu primeiro filho, t\u00e3o pequeno&#8230; Os dias foram passando e quando eu vi que ele havia sido circuncidado e estava com a cabe\u00e7a raspada, soube que nunca mais o veria novamente&#8221;.<\/p>\n<p>&#8220;Nunca me deixaram amamentar, trocar fralda, mudar roupinha. Simplesmente mantinham o beb\u00ea longe de mim&#8221;.<\/p>\n<p>Isso se repetiu com os outros tr\u00eas filhos de Anna no cativeiro. &#8220;Tiraram todos eles de mim&#8221;.<\/p>\n<p>Anna foi parar no hospital v\u00e1rias vezes por causa de surras e tentativas de suic\u00eddio depois de fugas fracassadas.<\/p>\n<p>Durante as interna\u00e7\u00f5es, ningu\u00e9m desconfiava da sua situa\u00e7\u00e3o e ela admite que se sentia incapaz de escapar de Malik.<\/p>\n<p>&#8220;Havia sempre tr\u00eas ou quatro pessoas comigo. Eu nunca ficava sozinha com os m\u00e9dicos e n\u00e3o podia falar com eles. S\u00f3 balan\u00e7ava a cabe\u00e7a&#8221;.<\/p>\n<p>&#8220;Eu torcia para algu\u00e9m sair da sala para eu poder dizer ao m\u00e9dico: preciso de ajuda, estou em cativeiro, tenho que sair. Mas eles nunca sa\u00edam do meu lado&#8221;.<\/p>\n<p>A tortura continuou at\u00e9 que um dia Malik anunciou que eles iriam para o Paquist\u00e3o.<\/p>\n<p>&#8220;Quando ele disse isso, pensei que s\u00f3 tinha duas sa\u00eddas: me matar ou fugir. Eu sabia que n\u00e3o estava indo para uma festa e achava que provavelmente eles iam me apedrejar at\u00e9 a morte&#8221;.<\/p>\n<p>Anna conta ter conseguido passar um bilhete pedindo socorro para uma assistente social que tinha ido visitar seu quarto filho. A mulher concordou em ajud\u00e1-la.<\/p>\n<p>Durante as preces do Ramad\u00e3, o m\u00eas sagrado dos mu\u00e7ulmanos, Anna finalmente conseguiu fugir.<\/p>\n<p>&#8220;Eles rezavam no quarto ao lado e eu vi que a chave estava na porta. Desci, abri a porta, senti o ar fresco e corri, corri muito at\u00e9 o carro da assistente social, que esperava na esquina&#8221;.<\/p>\n<p>A pol\u00edcia tentou interrog\u00e1-la, mas Anna se negou a ajudar, pois at\u00e9 hoje teme pela sua vida.<\/p>\n","protected":false},"excerpt":{"rendered":"<p>A brit\u00e2nica Anna Ruston (nome fict\u00edcio) tinha apenas 15 anos quando foi sequestrada e mantida em cativeiro como escrava sexual, em uma casa na regi\u00e3o central da Inglaterra. Agora, aos 44 anos, ela acaba de lan\u00e7ar o livro\u00a0Secret Slave, no qual conta o seu drama &#8211; ela passou 13 anos presa &#8211; e como sobreviveu.<\/p>\n","protected":false},"author":1,"featured_media":26628,"comment_status":"open","ping_status":"open","sticky":false,"template":"","format":"standard","meta":{"_links_to":"","_links_to_target":""},"categories":[4,1],"tags":[],"views":2181,"_links":{"self":[{"href":"https:\/\/www.brazilianpress.com\/v1\/wp-json\/wp\/v2\/posts\/26627"}],"collection":[{"href":"https:\/\/www.brazilianpress.com\/v1\/wp-json\/wp\/v2\/posts"}],"about":[{"href":"https:\/\/www.brazilianpress.com\/v1\/wp-json\/wp\/v2\/types\/post"}],"author":[{"embeddable":true,"href":"https:\/\/www.brazilianpress.com\/v1\/wp-json\/wp\/v2\/users\/1"}],"replies":[{"embeddable":true,"href":"https:\/\/www.brazilianpress.com\/v1\/wp-json\/wp\/v2\/comments?post=26627"}],"version-history":[{"count":1,"href":"https:\/\/www.brazilianpress.com\/v1\/wp-json\/wp\/v2\/posts\/26627\/revisions"}],"predecessor-version":[{"id":26629,"href":"https:\/\/www.brazilianpress.com\/v1\/wp-json\/wp\/v2\/posts\/26627\/revisions\/26629"}],"wp:featuredmedia":[{"embeddable":true,"href":"https:\/\/www.brazilianpress.com\/v1\/wp-json\/wp\/v2\/media\/26628"}],"wp:attachment":[{"href":"https:\/\/www.brazilianpress.com\/v1\/wp-json\/wp\/v2\/media?parent=26627"}],"wp:term":[{"taxonomy":"category","embeddable":true,"href":"https:\/\/www.brazilianpress.com\/v1\/wp-json\/wp\/v2\/categories?post=26627"},{"taxonomy":"post_tag","embeddable":true,"href":"https:\/\/www.brazilianpress.com\/v1\/wp-json\/wp\/v2\/tags?post=26627"}],"curies":[{"name":"wp","href":"https:\/\/api.w.org\/{rel}","templated":true}]}}