{"id":26646,"date":"2017-01-10T20:19:06","date_gmt":"2017-01-11T00:19:06","guid":{"rendered":"http:\/\/www.brazilianpress.com\/v1\/?p=26646"},"modified":"2017-01-19T08:58:05","modified_gmt":"2017-01-19T12:58:05","slug":"tragedia-na-comunidade-brasileiro-perde-a-vida-durante-nevasca-do-ultimo-sabado","status":"publish","type":"post","link":"https:\/\/www.brazilianpress.com\/v1\/2017\/01\/10\/tragedia-na-comunidade-brasileiro-perde-a-vida-durante-nevasca-do-ultimo-sabado\/","title":{"rendered":"Trag\u00e9dia na Comunidade: Brasileiro perde a vida durante nevasca do \u00faltimo s\u00e1bado"},"content":{"rendered":"<p><img loading=\"lazy\" class=\"alignnone size-full wp-image-26647\" src=\"http:\/\/www.brazilianpress.com\/v1\/wp-content\/uploads\/2017\/01\/Jose-Carlos-Magno-de-Oliveira.jpg\" alt=\"jose-carlos-magno-de-oliveira\" width=\"500\" height=\"338\" srcset=\"https:\/\/www.brazilianpress.com\/v1\/wp-content\/uploads\/2017\/01\/Jose-Carlos-Magno-de-Oliveira.jpg 500w, https:\/\/www.brazilianpress.com\/v1\/wp-content\/uploads\/2017\/01\/Jose-Carlos-Magno-de-Oliveira-300x203.jpg 300w\" sizes=\"(max-width: 500px) 100vw, 500px\" \/><\/p>\n<p><strong><em>Junior Schutt<\/em><\/strong>&#8211; A tempestade de gelo que caiu no \u00faltimo s\u00e1bado na \u00e1rea Tri-Estatal pegou muita gente de surpresa e causou atrasos e fatalidades, incluindo ao brasileiro <strong>Jos\u00e9 Carlos Magno de Oliveira<\/strong>, 63 anos, natural de Governador Valadares-MG, que perdeu sua vida em um terr\u00edvel acidente automobil\u00edstico.<!--more--> O falecido conduzia o ve\u00edculo Cherokee 1988 por volta das 3:45 da manh\u00e3 de domingo, quando estava a caminho de sua resid\u00eancia em Perth Amboy ap\u00f3s deixar o servi\u00e7o no Terminal 1 Sports Bar &amp; Restaurante onde trabalhava como auxiliar de cozinha. Ele n\u00e3o conseguiu terminar de fazer a curva na \u00e1rea de Woodbridge, cerca de 5 minutos de sua casa, colidindo com um poste, falecendo minutos depois. Jos\u00e9 Carlos era conhecido na comunidade como \u201cMaguinho\u201d, era casado, cuja esposa encontra-se no Brasil, e residia nos Estados Unidos a mais de 30 anos. Ele residiu em Newark-NJ, maior concentra\u00e7\u00e3o de brasileiros na \u00e1rea de New Jersey, onde cultivou boas amizades, e era conhecido como um bom cidad\u00e3o, prestativo e \u00f3timo funcion\u00e1rio. Investiga\u00e7\u00f5es da Pol\u00edcia Rodovi\u00e1ria concluiram a causa do acidente como provocado pela grande quantidade de neve e gelo na pista. O corpo de Jos\u00e9 Carlos ser\u00e1 cremado e as cinzas ser\u00e3o trasladadas para o Brasil. Informa\u00e7\u00f5es e doa\u00e7\u00f5es podem ser adquiridas pelos telefones <strong>(973) 818-2933<\/strong> Nini ou <strong>(732) 430-5336<\/strong> Marcelo ou acesse: <a href=\"https:\/\/www.gofundme.com\/aoamigomaghinho\">https:\/\/www.gofundme.com\/aoamigomaghinho<\/a><\/p>\n","protected":false},"excerpt":{"rendered":"<p>Junior Schutt&#8211; A tempestade de gelo que caiu no \u00faltimo s\u00e1bado na \u00e1rea Tri-Estatal pegou muita gente de surpresa e causou atrasos e fatalidades, incluindo ao brasileiro Jos\u00e9 Carlos Magno de Oliveira, 63 anos, natural de Governador Valadares-MG, que perdeu sua vida em um terr\u00edvel acidente automobil\u00edstico.<\/p>\n","protected":false},"author":1,"featured_media":26647,"comment_status":"open","ping_status":"open","sticky":false,"template":"","format":"standard","meta":{"_links_to":"","_links_to_target":""},"categories":[4,1],"tags":[],"views":4109,"_links":{"self":[{"href":"https:\/\/www.brazilianpress.com\/v1\/wp-json\/wp\/v2\/posts\/26646"}],"collection":[{"href":"https:\/\/www.brazilianpress.com\/v1\/wp-json\/wp\/v2\/posts"}],"about":[{"href":"https:\/\/www.brazilianpress.com\/v1\/wp-json\/wp\/v2\/types\/post"}],"author":[{"embeddable":true,"href":"https:\/\/www.brazilianpress.com\/v1\/wp-json\/wp\/v2\/users\/1"}],"replies":[{"embeddable":true,"href":"https:\/\/www.brazilianpress.com\/v1\/wp-json\/wp\/v2\/comments?post=26646"}],"version-history":[{"count":1,"href":"https:\/\/www.brazilianpress.com\/v1\/wp-json\/wp\/v2\/posts\/26646\/revisions"}],"predecessor-version":[{"id":26648,"href":"https:\/\/www.brazilianpress.com\/v1\/wp-json\/wp\/v2\/posts\/26646\/revisions\/26648"}],"wp:featuredmedia":[{"embeddable":true,"href":"https:\/\/www.brazilianpress.com\/v1\/wp-json\/wp\/v2\/media\/26647"}],"wp:attachment":[{"href":"https:\/\/www.brazilianpress.com\/v1\/wp-json\/wp\/v2\/media?parent=26646"}],"wp:term":[{"taxonomy":"category","embeddable":true,"href":"https:\/\/www.brazilianpress.com\/v1\/wp-json\/wp\/v2\/categories?post=26646"},{"taxonomy":"post_tag","embeddable":true,"href":"https:\/\/www.brazilianpress.com\/v1\/wp-json\/wp\/v2\/tags?post=26646"}],"curies":[{"name":"wp","href":"https:\/\/api.w.org\/{rel}","templated":true}]}}