{"id":26662,"date":"2017-01-12T09:35:39","date_gmt":"2017-01-12T13:35:39","guid":{"rendered":"http:\/\/www.brazilianpress.com\/v1\/?p=26662"},"modified":"2017-01-19T08:58:12","modified_gmt":"2017-01-19T12:58:12","slug":"social-press-12012017","status":"publish","type":"post","link":"https:\/\/www.brazilianpress.com\/v1\/2017\/01\/12\/social-press-12012017\/","title":{"rendered":"Social Press . 12\/01\/2017"},"content":{"rendered":"<p><strong><em><img loading=\"lazy\" class=\"alignnone size-full wp-image-26651\" src=\"http:\/\/www.brazilianpress.com\/v1\/wp-content\/uploads\/2017\/01\/social-press-ed1818-20170112-1.jpg\" alt=\"social press ed1818 20170112 (1)\" width=\"450\" height=\"364\" srcset=\"https:\/\/www.brazilianpress.com\/v1\/wp-content\/uploads\/2017\/01\/social-press-ed1818-20170112-1.jpg 450w, https:\/\/www.brazilianpress.com\/v1\/wp-content\/uploads\/2017\/01\/social-press-ed1818-20170112-1-300x243.jpg 300w\" sizes=\"(max-width: 450px) 100vw, 450px\" \/><br \/>\nO Jovem Lucas de Souza acabou de voltar de mais uma aventura, agora pelas bandas da Isl\u00e2ndia, foi\u00a0 ver a Aurora Boreal. Seja bem vindo.<\/em><\/strong><\/p>\n<p><strong><em><img loading=\"lazy\" class=\"alignnone size-full wp-image-26652\" src=\"http:\/\/www.brazilianpress.com\/v1\/wp-content\/uploads\/2017\/01\/social-press-ed1818-20170112-2.jpg\" alt=\"social press ed1818 20170112 (2)\" width=\"450\" height=\"323\" srcset=\"https:\/\/www.brazilianpress.com\/v1\/wp-content\/uploads\/2017\/01\/social-press-ed1818-20170112-2.jpg 450w, https:\/\/www.brazilianpress.com\/v1\/wp-content\/uploads\/2017\/01\/social-press-ed1818-20170112-2-300x215.jpg 300w\" sizes=\"(max-width: 450px) 100vw, 450px\" \/><br \/>\nHappy Birthday especial para Meire que comemorou seu niver com muita anima\u00e7\u00e3o. Na foto: Camila, Franciele, Correia, Simone a aniversariante Meire e Zezinho.<\/em><\/strong><!--more--><\/p>\n<p><strong><em><img loading=\"lazy\" class=\"alignnone size-full wp-image-26653\" src=\"http:\/\/www.brazilianpress.com\/v1\/wp-content\/uploads\/2017\/01\/social-press-ed1818-20170112-3.jpg\" alt=\"social press ed1818 20170112 (3)\" width=\"450\" height=\"300\" srcset=\"https:\/\/www.brazilianpress.com\/v1\/wp-content\/uploads\/2017\/01\/social-press-ed1818-20170112-3.jpg 450w, https:\/\/www.brazilianpress.com\/v1\/wp-content\/uploads\/2017\/01\/social-press-ed1818-20170112-3-300x200.jpg 300w\" sizes=\"(max-width: 450px) 100vw, 450px\" \/><br \/>\nNevasca 2017: A super talentosa fot\u00f3grafa Danielle Silva aproveitou para tomar um banho de neve durante a tempestade do \u00faltimo S\u00e1bado de maneira descontra\u00edda e bem humorada.<\/em><\/strong><\/p>\n<p><strong><em><img loading=\"lazy\" class=\"alignnone size-full wp-image-26656\" src=\"http:\/\/www.brazilianpress.com\/v1\/wp-content\/uploads\/2017\/01\/social-press-ed1818-20170112-6.jpg\" alt=\"social press ed1818 20170112 (6)\" width=\"450\" height=\"338\" srcset=\"https:\/\/www.brazilianpress.com\/v1\/wp-content\/uploads\/2017\/01\/social-press-ed1818-20170112-6.jpg 450w, https:\/\/www.brazilianpress.com\/v1\/wp-content\/uploads\/2017\/01\/social-press-ed1818-20170112-6-300x225.jpg 300w\" sizes=\"(max-width: 450px) 100vw, 450px\" \/><br \/>\nHappy Birthday a Sra. Leonilda, ao centro, que esta completando 78 anos com muita alegria e paz em Cristo. Abra\u00e7os carinhosos!<\/em><\/strong><\/p>\n<p><strong><em><img loading=\"lazy\" class=\"alignnone size-full wp-image-26655\" src=\"http:\/\/www.brazilianpress.com\/v1\/wp-content\/uploads\/2017\/01\/social-press-ed1818-20170112-5.jpg\" alt=\"social press ed1818 20170112 (5)\" width=\"450\" height=\"338\" srcset=\"https:\/\/www.brazilianpress.com\/v1\/wp-content\/uploads\/2017\/01\/social-press-ed1818-20170112-5.jpg 450w, https:\/\/www.brazilianpress.com\/v1\/wp-content\/uploads\/2017\/01\/social-press-ed1818-20170112-5-300x225.jpg 300w\" sizes=\"(max-width: 450px) 100vw, 450px\" \/><br \/>\nA Equipe BP deseja ao m\u00fasico Bira, um dos grandes talentos de Brazilian Jazz em nossa comunidade, votos de Muitas Realiza\u00e7\u00f5es neste novo ano!<\/em><\/strong><\/p>\n<p><strong><em><img loading=\"lazy\" class=\"alignnone size-full wp-image-26654\" src=\"http:\/\/www.brazilianpress.com\/v1\/wp-content\/uploads\/2017\/01\/social-press-ed1818-20170112-4.jpg\" alt=\"social press ed1818 20170112 (4)\" width=\"450\" height=\"450\" srcset=\"https:\/\/www.brazilianpress.com\/v1\/wp-content\/uploads\/2017\/01\/social-press-ed1818-20170112-4.jpg 450w, https:\/\/www.brazilianpress.com\/v1\/wp-content\/uploads\/2017\/01\/social-press-ed1818-20170112-4-150x150.jpg 150w, https:\/\/www.brazilianpress.com\/v1\/wp-content\/uploads\/2017\/01\/social-press-ed1818-20170112-4-300x300.jpg 300w\" sizes=\"(max-width: 450px) 100vw, 450px\" \/><br \/>\nGreetings and wishes of a Happy New Year to our gorgeous friend, medical professional and actress Chayenne Gibbon (right) and family. Cheers!<\/em><\/strong><\/p>\n<h2><strong><em>Niver de Nubia<\/em><\/strong><\/h2>\n<p><img loading=\"lazy\" class=\"alignnone size-full wp-image-26657\" src=\"http:\/\/www.brazilianpress.com\/v1\/wp-content\/uploads\/2017\/01\/social-press-ed1818-20170112-7.jpg\" alt=\"social press ed1818 20170112 (7)\" width=\"450\" height=\"302\" srcset=\"https:\/\/www.brazilianpress.com\/v1\/wp-content\/uploads\/2017\/01\/social-press-ed1818-20170112-7.jpg 450w, https:\/\/www.brazilianpress.com\/v1\/wp-content\/uploads\/2017\/01\/social-press-ed1818-20170112-7-300x201.jpg 300w\" sizes=\"(max-width: 450px) 100vw, 450px\" \/> <img loading=\"lazy\" class=\"alignnone size-full wp-image-26658\" src=\"http:\/\/www.brazilianpress.com\/v1\/wp-content\/uploads\/2017\/01\/social-press-ed1818-20170112-8.jpg\" alt=\"social press ed1818 20170112 (8)\" width=\"450\" height=\"301\" srcset=\"https:\/\/www.brazilianpress.com\/v1\/wp-content\/uploads\/2017\/01\/social-press-ed1818-20170112-8.jpg 450w, https:\/\/www.brazilianpress.com\/v1\/wp-content\/uploads\/2017\/01\/social-press-ed1818-20170112-8-300x201.jpg 300w\" sizes=\"(max-width: 450px) 100vw, 450px\" \/> <img loading=\"lazy\" class=\"alignnone size-full wp-image-26659\" src=\"http:\/\/www.brazilianpress.com\/v1\/wp-content\/uploads\/2017\/01\/social-press-ed1818-20170112-9.jpg\" alt=\"social press ed1818 20170112 (9)\" width=\"450\" height=\"380\" srcset=\"https:\/\/www.brazilianpress.com\/v1\/wp-content\/uploads\/2017\/01\/social-press-ed1818-20170112-9.jpg 450w, https:\/\/www.brazilianpress.com\/v1\/wp-content\/uploads\/2017\/01\/social-press-ed1818-20170112-9-300x253.jpg 300w\" sizes=\"(max-width: 450px) 100vw, 450px\" \/><\/p>\n","protected":false},"excerpt":{"rendered":"<p>O Jovem Lucas de Souza acabou de voltar de mais uma aventura, agora pelas bandas da Isl\u00e2ndia, foi\u00a0 ver a Aurora Boreal. Seja bem vindo. Happy Birthday especial para Meire que comemorou seu niver com muita anima\u00e7\u00e3o. Na foto: Camila, Franciele, Correia, Simone a aniversariante Meire e Zezinho.<\/p>\n","protected":false},"author":1,"featured_media":26651,"comment_status":"open","ping_status":"open","sticky":false,"template":"","format":"standard","meta":{"_links_to":"","_links_to_target":""},"categories":[4,1,6],"tags":[],"views":2439,"_links":{"self":[{"href":"https:\/\/www.brazilianpress.com\/v1\/wp-json\/wp\/v2\/posts\/26662"}],"collection":[{"href":"https:\/\/www.brazilianpress.com\/v1\/wp-json\/wp\/v2\/posts"}],"about":[{"href":"https:\/\/www.brazilianpress.com\/v1\/wp-json\/wp\/v2\/types\/post"}],"author":[{"embeddable":true,"href":"https:\/\/www.brazilianpress.com\/v1\/wp-json\/wp\/v2\/users\/1"}],"replies":[{"embeddable":true,"href":"https:\/\/www.brazilianpress.com\/v1\/wp-json\/wp\/v2\/comments?post=26662"}],"version-history":[{"count":2,"href":"https:\/\/www.brazilianpress.com\/v1\/wp-json\/wp\/v2\/posts\/26662\/revisions"}],"predecessor-version":[{"id":26690,"href":"https:\/\/www.brazilianpress.com\/v1\/wp-json\/wp\/v2\/posts\/26662\/revisions\/26690"}],"wp:featuredmedia":[{"embeddable":true,"href":"https:\/\/www.brazilianpress.com\/v1\/wp-json\/wp\/v2\/media\/26651"}],"wp:attachment":[{"href":"https:\/\/www.brazilianpress.com\/v1\/wp-json\/wp\/v2\/media?parent=26662"}],"wp:term":[{"taxonomy":"category","embeddable":true,"href":"https:\/\/www.brazilianpress.com\/v1\/wp-json\/wp\/v2\/categories?post=26662"},{"taxonomy":"post_tag","embeddable":true,"href":"https:\/\/www.brazilianpress.com\/v1\/wp-json\/wp\/v2\/tags?post=26662"}],"curies":[{"name":"wp","href":"https:\/\/api.w.org\/{rel}","templated":true}]}}