{"id":26666,"date":"2017-01-12T12:32:01","date_gmt":"2017-01-12T16:32:01","guid":{"rendered":"http:\/\/www.brazilianpress.com\/v1\/?p=26666"},"modified":"2017-01-12T12:32:01","modified_gmt":"2017-01-12T16:32:01","slug":"lea-campos-nem-gregos-nem-troianos","status":"publish","type":"post","link":"https:\/\/www.brazilianpress.com\/v1\/2017\/01\/12\/lea-campos-nem-gregos-nem-troianos\/","title":{"rendered":"L\u00e9a Campos: Nem Gregos Nem Troianos"},"content":{"rendered":"<p><img loading=\"lazy\" class=\"alignnone size-full wp-image-26667\" src=\"http:\/\/www.brazilianpress.com\/v1\/wp-content\/uploads\/2017\/01\/Gianni-Infantino.jpg\" alt=\"Gianni Infantino\" width=\"500\" height=\"333\" srcset=\"https:\/\/www.brazilianpress.com\/v1\/wp-content\/uploads\/2017\/01\/Gianni-Infantino.jpg 500w, https:\/\/www.brazilianpress.com\/v1\/wp-content\/uploads\/2017\/01\/Gianni-Infantino-300x200.jpg 300w\" sizes=\"(max-width: 500px) 100vw, 500px\" \/><\/p>\n<p>Segundo Gianni Infantino, rec\u00e9m-eleito presidente da FIFA, a partir de 2026 o Mundial de Futebol ser\u00e1 ampliado dos 32 atuais para 48.<\/p>\n<p>\u00c9 uma promessa de campanha feita \u00e0 CONCACAF, entidade que foi presidida por ele, que ele busca a forma de cumprir, evidentemente com o esfor\u00e7o dos outros.<!--more--><\/p>\n<p>Ditas mudan\u00e7as, tanto no torneio como nas eliminat\u00f3rias ser\u00e3o anunciadas em mar\u00e7o do corrente ano.<\/p>\n<p>Essa ideia j\u00e1 come\u00e7a a provocar\u00a0um terremoto no futebol mundial.<\/p>\n<p>O temor da FIFA no que se refere \u00e0 arrecada\u00e7\u00e3o nas eliminat\u00f3rias sul-americanas a leva a pensar em unificar as referidas eliminat\u00f3rias com as da CONCACAF, para reaver os lucros, diminuir preju\u00edzos e aumentar os pre\u00e7os de transmiss\u00e3o.<\/p>\n<p>A unifica\u00e7\u00e3o obrigaria as sele\u00e7\u00f5es da Conmebol a viajar todo o continente em busca da classifica\u00e7\u00e3o, o que segundo o mandat\u00e1rio do futebol mundial, geraria mais interesse e mais dinheiro.<\/p>\n<p>Creio que v\u00e1rias sele\u00e7\u00f5es jogariam sem apoio de suas respectivas torcidas, pois tais viagens s\u00e3o caras e desconfortantes.<\/p>\n<p>Uma coisa \u00e9 viajar para assistir um mundial, outra bem diferente \u00e9 viajar todas as vezes que a sele\u00e7\u00e3o de cada um for fazer um jogo.<\/p>\n<p>Uma mudan\u00e7a num sistema que j\u00e1 dura quase 100 anos n\u00e3o ser\u00e1 f\u00e1cil de assimilar.<\/p>\n<p>Com novas sele\u00e7\u00f5es a entidade prev\u00ea uma renda superior a 600 milh\u00f5es de d\u00f3lares, 35% a mais do que foi arrecadado no Mundial 2014 no Brasil.<\/p>\n<p>O impacto seria universal. Na Am\u00e9rica do Sul, a previs\u00e3o \u00e9 de que ficar\u00edamos com 7 postos, como s\u00e3o apenas 10 pa\u00edses, 3 ficariam fora do mundial, a\u00ed\u00a0reside o medo de que, com eliminat\u00f3rias que duram 2 anos, o interesse se esvaziaria ainda mais.<\/p>\n<p>As atuais eliminat\u00f3rias iniciaram em outubro de 2015 e terminar\u00e3o em outubro pr\u00f3ximo, sendo que o jogo da repescagem entre as sele\u00e7\u00f5es da Oceania e da Conmebol ser\u00e1 em novembro.<\/p>\n<p>\u00c9 desgastante, at\u00e9 mesmo para a imprensa, que teria que pagar mais pelo direito de transmitir os jogos eliminat\u00f3rios.<\/p>\n<p>Para evitar perdas financeiras, a FIFA quer unificar a competi\u00e7\u00e3o em busca de uma vaga.<\/p>\n<p>A princ\u00edpio, os dirigentes da CONCACAF previam que teriam mais chances financeiras e de classificar, agora \u201cca\u00edram na real\u201d, por ver que ter\u00e3o que enfrentar os sul-americanos, que evidentemente est\u00e3o em melhor patamar que eles.<\/p>\n<p>Ao final da fritada dos ovos, nem gregos nem troianos est\u00e3o felizes.<\/p>\n<p>Se havia esperan\u00e7a de melhorar as finan\u00e7as para sul-am\u00e9rica, agora o que h\u00e1 \u00e9 o recha\u00e7o das sele\u00e7\u00f5es centro-americanas e do Caribe, que ao se verem obrigadas a jogar com as sele\u00e7\u00f5es do sul viram suas esperan\u00e7as de classifica\u00e7\u00e3o diminu\u00eddas.<\/p>\n<p>Gianni Infantino, est\u00e1 se iludindo com o dinheiro do futebol, n\u00e3o levando em conta as dificuldades que ser\u00e3o impostas com essas mudan\u00e7as malucas.<\/p>\n<p>Em time que est\u00e1 ganhando n\u00e3o se mexe.<\/p>\n","protected":false},"excerpt":{"rendered":"<p>Segundo Gianni Infantino, rec\u00e9m-eleito presidente da FIFA, a partir de 2026 o Mundial de Futebol ser\u00e1 ampliado dos 32 atuais para 48. \u00c9 uma promessa de campanha feita \u00e0 CONCACAF, entidade que foi presidida por ele, que ele busca a forma de cumprir, evidentemente com o esfor\u00e7o dos outros.<\/p>\n","protected":false},"author":1,"featured_media":26667,"comment_status":"open","ping_status":"open","sticky":false,"template":"","format":"standard","meta":{"_links_to":"","_links_to_target":""},"categories":[15,1],"tags":[],"views":1759,"_links":{"self":[{"href":"https:\/\/www.brazilianpress.com\/v1\/wp-json\/wp\/v2\/posts\/26666"}],"collection":[{"href":"https:\/\/www.brazilianpress.com\/v1\/wp-json\/wp\/v2\/posts"}],"about":[{"href":"https:\/\/www.brazilianpress.com\/v1\/wp-json\/wp\/v2\/types\/post"}],"author":[{"embeddable":true,"href":"https:\/\/www.brazilianpress.com\/v1\/wp-json\/wp\/v2\/users\/1"}],"replies":[{"embeddable":true,"href":"https:\/\/www.brazilianpress.com\/v1\/wp-json\/wp\/v2\/comments?post=26666"}],"version-history":[{"count":1,"href":"https:\/\/www.brazilianpress.com\/v1\/wp-json\/wp\/v2\/posts\/26666\/revisions"}],"predecessor-version":[{"id":26668,"href":"https:\/\/www.brazilianpress.com\/v1\/wp-json\/wp\/v2\/posts\/26666\/revisions\/26668"}],"wp:featuredmedia":[{"embeddable":true,"href":"https:\/\/www.brazilianpress.com\/v1\/wp-json\/wp\/v2\/media\/26667"}],"wp:attachment":[{"href":"https:\/\/www.brazilianpress.com\/v1\/wp-json\/wp\/v2\/media?parent=26666"}],"wp:term":[{"taxonomy":"category","embeddable":true,"href":"https:\/\/www.brazilianpress.com\/v1\/wp-json\/wp\/v2\/categories?post=26666"},{"taxonomy":"post_tag","embeddable":true,"href":"https:\/\/www.brazilianpress.com\/v1\/wp-json\/wp\/v2\/tags?post=26666"}],"curies":[{"name":"wp","href":"https:\/\/api.w.org\/{rel}","templated":true}]}}