{"id":26742,"date":"2017-01-12T16:58:54","date_gmt":"2017-01-12T20:58:54","guid":{"rendered":"http:\/\/www.brazilianpress.com\/v1\/?p=26742"},"modified":"2017-01-12T16:58:54","modified_gmt":"2017-01-12T20:58:54","slug":"o-estranho-caso-dos-cadaveres-com-o-coracao-batendo","status":"publish","type":"post","link":"https:\/\/www.brazilianpress.com\/v1\/2017\/01\/12\/o-estranho-caso-dos-cadaveres-com-o-coracao-batendo\/","title":{"rendered":"O estranho caso dos cad\u00e1veres com o cora\u00e7\u00e3o batendo"},"content":{"rendered":"<p><img loading=\"lazy\" class=\"alignright size-full wp-image-26743\" src=\"http:\/\/www.brazilianpress.com\/v1\/wp-content\/uploads\/2017\/01\/cadaveres.jpg\" alt=\"cadaveres\" width=\"350\" height=\"234\" srcset=\"https:\/\/www.brazilianpress.com\/v1\/wp-content\/uploads\/2017\/01\/cadaveres.jpg 350w, https:\/\/www.brazilianpress.com\/v1\/wp-content\/uploads\/2017\/01\/cadaveres-300x201.jpg 300w\" sizes=\"(max-width: 350px) 100vw, 350px\" \/>O primeiro conceito de \u201cmorte cl\u00ednica\u201d implicava em o cora\u00e7\u00e3o da pessoa n\u00e3o bater por pelo menos dois minutos. No entanto, a ci\u00eancia precisou modificar completamente esse paradigma. <!--more-->Atualmente, um corpo pode n\u00e3o se decompor, ter um cora\u00e7\u00e3o que bate, feridas que se cicatrizam e capacidade para digerir alimentos e, no entanto, estar morto, de acordo com a maioria das defini\u00e7\u00f5es legais e m\u00e9dicas.<\/p>\n<p>\u00c9 o caso desconcertante dos cad\u00e1veres com cora\u00e7\u00f5es pulsantes: pessoas com um c\u00e9rebro que j\u00e1 n\u00e3o tem mais atividades, mas ainda possui fun\u00e7\u00f5es corporais intactas. Alguns corpos chegam a sobreviver mais de uma semana depois de ser declarada a morte cerebral. J\u00e1 houve casos em que os cora\u00e7\u00f5es continuaram batendo e os \u00f3rg\u00e3os funcionando por mais de 14 anos.<\/p>\n<p>Hoje, os cad\u00e1veres de cora\u00e7\u00e3o pulsante deram origem a uma especialidade m\u00e9dica curiosa, que consiste em fazer acreditar que esses corpos continuam vivos, com o objetivo \u00fanico de conservar os \u00f3rg\u00e3os nas melhores condi\u00e7\u00f5es poss\u00edveis para seu transplante a um paciente na lista de espera.<\/p>\n<p>Morrer, portanto n\u00e3o \u00e9 um ato \u00fanico, mas o encerramento de um conjunto de processos. V\u00e1rias pequenas mortes concatenadas (ou n\u00e3o) s\u00e3o: a falta de batimentos card\u00edacos, a morte cerebral, a perda da personalidade e da capacidade de produzir pensamentos conscientes, de respirar de forma independente, entre outras coisas. Escolher qual dessas representa a morte definitiva pode se tornar uma quest\u00e3o bem mais filos\u00f3fica ou religiosa. Ap\u00f3s milhares de anos, continuamos em busca de uma resposta.<\/p>\n","protected":false},"excerpt":{"rendered":"<p>O primeiro conceito de \u201cmorte cl\u00ednica\u201d implicava em o cora\u00e7\u00e3o da pessoa n\u00e3o bater por pelo menos dois minutos. No entanto, a ci\u00eancia precisou modificar completamente esse paradigma.<\/p>\n","protected":false},"author":1,"featured_media":26743,"comment_status":"open","ping_status":"open","sticky":false,"template":"","format":"standard","meta":{"_links_to":"","_links_to_target":""},"categories":[4,1],"tags":[],"views":1925,"_links":{"self":[{"href":"https:\/\/www.brazilianpress.com\/v1\/wp-json\/wp\/v2\/posts\/26742"}],"collection":[{"href":"https:\/\/www.brazilianpress.com\/v1\/wp-json\/wp\/v2\/posts"}],"about":[{"href":"https:\/\/www.brazilianpress.com\/v1\/wp-json\/wp\/v2\/types\/post"}],"author":[{"embeddable":true,"href":"https:\/\/www.brazilianpress.com\/v1\/wp-json\/wp\/v2\/users\/1"}],"replies":[{"embeddable":true,"href":"https:\/\/www.brazilianpress.com\/v1\/wp-json\/wp\/v2\/comments?post=26742"}],"version-history":[{"count":1,"href":"https:\/\/www.brazilianpress.com\/v1\/wp-json\/wp\/v2\/posts\/26742\/revisions"}],"predecessor-version":[{"id":26744,"href":"https:\/\/www.brazilianpress.com\/v1\/wp-json\/wp\/v2\/posts\/26742\/revisions\/26744"}],"wp:featuredmedia":[{"embeddable":true,"href":"https:\/\/www.brazilianpress.com\/v1\/wp-json\/wp\/v2\/media\/26743"}],"wp:attachment":[{"href":"https:\/\/www.brazilianpress.com\/v1\/wp-json\/wp\/v2\/media?parent=26742"}],"wp:term":[{"taxonomy":"category","embeddable":true,"href":"https:\/\/www.brazilianpress.com\/v1\/wp-json\/wp\/v2\/categories?post=26742"},{"taxonomy":"post_tag","embeddable":true,"href":"https:\/\/www.brazilianpress.com\/v1\/wp-json\/wp\/v2\/tags?post=26742"}],"curies":[{"name":"wp","href":"https:\/\/api.w.org\/{rel}","templated":true}]}}