{"id":26761,"date":"2017-01-12T17:08:36","date_gmt":"2017-01-12T21:08:36","guid":{"rendered":"http:\/\/www.brazilianpress.com\/v1\/?p=26761"},"modified":"2017-01-12T17:08:36","modified_gmt":"2017-01-12T21:08:36","slug":"crossing-guard-heroi-e-homenageado-em-newark","status":"publish","type":"post","link":"https:\/\/www.brazilianpress.com\/v1\/2017\/01\/12\/crossing-guard-heroi-e-homenageado-em-newark\/","title":{"rendered":"Crossing-guard: H\u00e9roi \u00e9 homenageado em Newark"},"content":{"rendered":"<p>&nbsp;<\/p>\n<p><img loading=\"lazy\" class=\"alignnone size-full wp-image-26764\" src=\"http:\/\/www.brazilianpress.com\/v1\/wp-content\/uploads\/2017\/01\/homenagem-heroi-augusto-amador-3.jpg\" alt=\"homenagem heroi augusto amador (3)\" width=\"500\" height=\"375\" srcset=\"https:\/\/www.brazilianpress.com\/v1\/wp-content\/uploads\/2017\/01\/homenagem-heroi-augusto-amador-3.jpg 500w, https:\/\/www.brazilianpress.com\/v1\/wp-content\/uploads\/2017\/01\/homenagem-heroi-augusto-amador-3-300x225.jpg 300w\" sizes=\"(max-width: 500px) 100vw, 500px\" \/>A vida em Newark define-se pelo trabalho, dedica\u00e7\u00e3o e compromisso de alguns simples her\u00f3is. N\u00e3o, n\u00e3o os que aparecem constantemente nos jornais ou s\u00e3o entrevistados pela televis\u00e3o.<!--more--> Os simples her\u00f3is a que me refiro s\u00e3o aqueles que se levantam pela manh\u00e3, v\u00e3o para o trabalho, tomam conta da sua fam\u00edlia, e contribuem, duma forma ou doutra, para a melhoria da qualidade de vida da comunidade onde vivem. E nem sequer s\u00e3o notados!<\/p>\n<p><img loading=\"lazy\" class=\"alignnone size-full wp-image-26762\" src=\"http:\/\/www.brazilianpress.com\/v1\/wp-content\/uploads\/2017\/01\/homenagem-heroi-augusto-amador-1.jpg\" alt=\"homenagem heroi augusto amador (1)\" width=\"500\" height=\"414\" srcset=\"https:\/\/www.brazilianpress.com\/v1\/wp-content\/uploads\/2017\/01\/homenagem-heroi-augusto-amador-1.jpg 500w, https:\/\/www.brazilianpress.com\/v1\/wp-content\/uploads\/2017\/01\/homenagem-heroi-augusto-amador-1-300x248.jpg 300w\" sizes=\"(max-width: 500px) 100vw, 500px\" \/><\/p>\n<p>Erika Whitfield foi um desses her\u00f3is. Como\u201ccrossing-guard\u201d guiou, durante muito tempo, as crian\u00e7as por entre o tr\u00e2nsito da McCarter Hwy a caminho da escola da Oliver Street.<\/p>\n<p>Hoje,11 de Janeiro de 2017, decidimos nomear, em sua honra, a esquina da McCarter Hwy com a Oliver Street como Erika Whitfield Plaza. A Erika faleceu aos 39 anos de idade.<\/p>\n<p><img loading=\"lazy\" class=\"alignnone size-full wp-image-26763\" src=\"http:\/\/www.brazilianpress.com\/v1\/wp-content\/uploads\/2017\/01\/homenagem-heroi-augusto-amador-2.jpg\" alt=\"homenagem heroi augusto amador (2)\" width=\"500\" height=\"375\" srcset=\"https:\/\/www.brazilianpress.com\/v1\/wp-content\/uploads\/2017\/01\/homenagem-heroi-augusto-amador-2.jpg 500w, https:\/\/www.brazilianpress.com\/v1\/wp-content\/uploads\/2017\/01\/homenagem-heroi-augusto-amador-2-300x225.jpg 300w\" sizes=\"(max-width: 500px) 100vw, 500px\" \/><\/p>\n","protected":false},"excerpt":{"rendered":"<p>&nbsp; A vida em Newark define-se pelo trabalho, dedica\u00e7\u00e3o e compromisso de alguns simples her\u00f3is. N\u00e3o, n\u00e3o os que aparecem constantemente nos jornais ou s\u00e3o entrevistados pela televis\u00e3o.<\/p>\n","protected":false},"author":1,"featured_media":26764,"comment_status":"open","ping_status":"open","sticky":false,"template":"","format":"standard","meta":{"_links_to":"","_links_to_target":""},"categories":[4,1],"tags":[],"views":2327,"_links":{"self":[{"href":"https:\/\/www.brazilianpress.com\/v1\/wp-json\/wp\/v2\/posts\/26761"}],"collection":[{"href":"https:\/\/www.brazilianpress.com\/v1\/wp-json\/wp\/v2\/posts"}],"about":[{"href":"https:\/\/www.brazilianpress.com\/v1\/wp-json\/wp\/v2\/types\/post"}],"author":[{"embeddable":true,"href":"https:\/\/www.brazilianpress.com\/v1\/wp-json\/wp\/v2\/users\/1"}],"replies":[{"embeddable":true,"href":"https:\/\/www.brazilianpress.com\/v1\/wp-json\/wp\/v2\/comments?post=26761"}],"version-history":[{"count":1,"href":"https:\/\/www.brazilianpress.com\/v1\/wp-json\/wp\/v2\/posts\/26761\/revisions"}],"predecessor-version":[{"id":26765,"href":"https:\/\/www.brazilianpress.com\/v1\/wp-json\/wp\/v2\/posts\/26761\/revisions\/26765"}],"wp:featuredmedia":[{"embeddable":true,"href":"https:\/\/www.brazilianpress.com\/v1\/wp-json\/wp\/v2\/media\/26764"}],"wp:attachment":[{"href":"https:\/\/www.brazilianpress.com\/v1\/wp-json\/wp\/v2\/media?parent=26761"}],"wp:term":[{"taxonomy":"category","embeddable":true,"href":"https:\/\/www.brazilianpress.com\/v1\/wp-json\/wp\/v2\/categories?post=26761"},{"taxonomy":"post_tag","embeddable":true,"href":"https:\/\/www.brazilianpress.com\/v1\/wp-json\/wp\/v2\/tags?post=26761"}],"curies":[{"name":"wp","href":"https:\/\/api.w.org\/{rel}","templated":true}]}}