{"id":26939,"date":"2017-01-26T07:30:06","date_gmt":"2017-01-26T11:30:06","guid":{"rendered":"http:\/\/www.brazilianpress.com\/v1\/?p=26939"},"modified":"2017-02-02T07:36:17","modified_gmt":"2017-02-02T11:36:17","slug":"social-press-26012017","status":"publish","type":"post","link":"https:\/\/www.brazilianpress.com\/v1\/2017\/01\/26\/social-press-26012017\/","title":{"rendered":"Social Press . 26\/01\/2017"},"content":{"rendered":"<p><strong><em><img loading=\"lazy\" class=\"alignnone size-full wp-image-26929\" src=\"http:\/\/www.brazilianpress.com\/v1\/wp-content\/uploads\/2017\/01\/social-press-ed1820-20170126-1.jpg\" alt=\"social press ed1820 20170126 (1)\" width=\"450\" height=\"268\" srcset=\"https:\/\/www.brazilianpress.com\/v1\/wp-content\/uploads\/2017\/01\/social-press-ed1820-20170126-1.jpg 450w, https:\/\/www.brazilianpress.com\/v1\/wp-content\/uploads\/2017\/01\/social-press-ed1820-20170126-1-300x179.jpg 300w\" sizes=\"(max-width: 450px) 100vw, 450px\" \/><br \/>\nGente, se vai falar em festa tem que ser igual a esta, at\u00e9 o sol raiar, Happy Birthday Cris Marques! A Aniversariante ao centro com as amigas.<\/em><\/strong><\/p>\n<p><strong><em><img loading=\"lazy\" class=\"alignnone size-full wp-image-26930\" src=\"http:\/\/www.brazilianpress.com\/v1\/wp-content\/uploads\/2017\/01\/social-press-ed1820-20170126-2.jpg\" alt=\"social press ed1820 20170126 (2)\" width=\"450\" height=\"194\" srcset=\"https:\/\/www.brazilianpress.com\/v1\/wp-content\/uploads\/2017\/01\/social-press-ed1820-20170126-2.jpg 450w, https:\/\/www.brazilianpress.com\/v1\/wp-content\/uploads\/2017\/01\/social-press-ed1820-20170126-2-300x129.jpg 300w\" sizes=\"(max-width: 450px) 100vw, 450px\" \/><br \/>\nHappy Birthday ao Atleticano e futuro campe\u00e3o brasileiro 2017 Kleber, que\u00a0 comemorou com muita anima\u00e7\u00e3o entre amigos. Parab\u00e9ns!!<\/em><\/strong><!--more--><\/p>\n<p><strong><em><img loading=\"lazy\" class=\"alignnone size-full wp-image-26931\" src=\"http:\/\/www.brazilianpress.com\/v1\/wp-content\/uploads\/2017\/01\/social-press-ed1820-20170126-3.jpg\" alt=\"social press ed1820 20170126 (3)\" width=\"450\" height=\"423\" srcset=\"https:\/\/www.brazilianpress.com\/v1\/wp-content\/uploads\/2017\/01\/social-press-ed1820-20170126-3.jpg 450w, https:\/\/www.brazilianpress.com\/v1\/wp-content\/uploads\/2017\/01\/social-press-ed1820-20170126-3-300x282.jpg 300w\" sizes=\"(max-width: 450px) 100vw, 450px\" \/><br \/>\nO camarada Leo Prada levou positividade e esperan\u00e7a para Washington na pol\u00eamica Inaugura\u00e7\u00e3o do Presidente Trump. Como muitos, disse que parou de reclamar e vai esperar pelo melhor. Todos N\u00f3s!<\/em><\/strong><\/p>\n<p><strong><em><img loading=\"lazy\" class=\"alignnone size-full wp-image-26932\" src=\"http:\/\/www.brazilianpress.com\/v1\/wp-content\/uploads\/2017\/01\/social-press-ed1820-20170126-4.jpg\" alt=\"social press ed1820 20170126 (4)\" width=\"450\" height=\"338\" srcset=\"https:\/\/www.brazilianpress.com\/v1\/wp-content\/uploads\/2017\/01\/social-press-ed1820-20170126-4.jpg 450w, https:\/\/www.brazilianpress.com\/v1\/wp-content\/uploads\/2017\/01\/social-press-ed1820-20170126-4-300x225.jpg 300w\" sizes=\"(max-width: 450px) 100vw, 450px\" \/><br \/>\nHappy Birthday ao pequeno Wesley que completou 6 anos e celebrou com a fam\u00edlia, os pais Wagner e Tais Moura, e muitos amiguinhos!<\/em><\/strong><\/p>\n<p><strong><em><img loading=\"lazy\" class=\"alignnone size-full wp-image-26933\" src=\"http:\/\/www.brazilianpress.com\/v1\/wp-content\/uploads\/2017\/01\/social-press-ed1820-20170126-5.jpg\" alt=\"social press ed1820 20170126 (5)\" width=\"450\" height=\"522\" srcset=\"https:\/\/www.brazilianpress.com\/v1\/wp-content\/uploads\/2017\/01\/social-press-ed1820-20170126-5.jpg 450w, https:\/\/www.brazilianpress.com\/v1\/wp-content\/uploads\/2017\/01\/social-press-ed1820-20170126-5-259x300.jpg 259w\" sizes=\"(max-width: 450px) 100vw, 450px\" \/><br \/>\nA princesa Hadassa, filha de nossa amiga e leitora Amanda Coleta, celebrou seus 8 aninhos com uma festa super animada em Newark. Parab\u00e9ns!!!<\/em><\/strong><\/p>\n<p><strong><em><img loading=\"lazy\" class=\"alignnone size-full wp-image-26934\" src=\"http:\/\/www.brazilianpress.com\/v1\/wp-content\/uploads\/2017\/01\/social-press-ed1820-20170126-6.jpg\" alt=\"social press ed1820 20170126 (6)\" width=\"450\" height=\"338\" srcset=\"https:\/\/www.brazilianpress.com\/v1\/wp-content\/uploads\/2017\/01\/social-press-ed1820-20170126-6.jpg 450w, https:\/\/www.brazilianpress.com\/v1\/wp-content\/uploads\/2017\/01\/social-press-ed1820-20170126-6-300x225.jpg 300w\" sizes=\"(max-width: 450px) 100vw, 450px\" \/><br \/>\nO criador do Grupo Informativo Newark\/New York Rafael Cesar Cunha foi buscar inspira\u00e7\u00e3o e repouso pelas ilhas da Thailandia. Maravilha!!<\/em><\/strong><\/p>\n<p><strong><em><img loading=\"lazy\" class=\"alignnone size-full wp-image-26935\" src=\"http:\/\/www.brazilianpress.com\/v1\/wp-content\/uploads\/2017\/01\/social-press-ed1820-20170126-7.jpg\" alt=\"social press ed1820 20170126 (7)\" width=\"450\" height=\"408\" srcset=\"https:\/\/www.brazilianpress.com\/v1\/wp-content\/uploads\/2017\/01\/social-press-ed1820-20170126-7.jpg 450w, https:\/\/www.brazilianpress.com\/v1\/wp-content\/uploads\/2017\/01\/social-press-ed1820-20170126-7-300x272.jpg 300w\" sizes=\"(max-width: 450px) 100vw, 450px\" \/><br \/>\nA mam\u00e3e super coruja Rosilene Caldeia e o filh\u00e3o Michael Raphael &#8220;turistando&#8221; pela nova e futur\u00edstica instala\u00e7\u00e3o do World Trade Center, o \u00d3culus.<\/em><\/strong><\/p>\n<p><strong><em><img loading=\"lazy\" class=\"alignnone size-full wp-image-26936\" src=\"http:\/\/www.brazilianpress.com\/v1\/wp-content\/uploads\/2017\/01\/social-press-ed1820-20170126-8.jpg\" alt=\"social press ed1820 20170126 (8)\" width=\"450\" height=\"365\" srcset=\"https:\/\/www.brazilianpress.com\/v1\/wp-content\/uploads\/2017\/01\/social-press-ed1820-20170126-8.jpg 450w, https:\/\/www.brazilianpress.com\/v1\/wp-content\/uploads\/2017\/01\/social-press-ed1820-20170126-8-300x243.jpg 300w\" sizes=\"(max-width: 450px) 100vw, 450px\" \/><br \/>\nNossos votos de Muita Sa\u00fade e Felicidades a amiga Neia Cruz, completou mais uma Primavera Domingo passado. Congrats!!!<\/em><\/strong><\/p>\n","protected":false},"excerpt":{"rendered":"<p>Gente, se vai falar em festa tem que ser igual a esta, at\u00e9 o sol raiar, Happy Birthday Cris Marques! A Aniversariante ao centro com as amigas. Happy Birthday ao Atleticano e futuro campe\u00e3o brasileiro 2017 Kleber, que\u00a0 comemorou com muita anima\u00e7\u00e3o entre amigos. Parab\u00e9ns!!<\/p>\n","protected":false},"author":1,"featured_media":26929,"comment_status":"open","ping_status":"open","sticky":false,"template":"","format":"standard","meta":{"_links_to":"","_links_to_target":""},"categories":[1,6],"tags":[],"views":3163,"_links":{"self":[{"href":"https:\/\/www.brazilianpress.com\/v1\/wp-json\/wp\/v2\/posts\/26939"}],"collection":[{"href":"https:\/\/www.brazilianpress.com\/v1\/wp-json\/wp\/v2\/posts"}],"about":[{"href":"https:\/\/www.brazilianpress.com\/v1\/wp-json\/wp\/v2\/types\/post"}],"author":[{"embeddable":true,"href":"https:\/\/www.brazilianpress.com\/v1\/wp-json\/wp\/v2\/users\/1"}],"replies":[{"embeddable":true,"href":"https:\/\/www.brazilianpress.com\/v1\/wp-json\/wp\/v2\/comments?post=26939"}],"version-history":[{"count":1,"href":"https:\/\/www.brazilianpress.com\/v1\/wp-json\/wp\/v2\/posts\/26939\/revisions"}],"predecessor-version":[{"id":26940,"href":"https:\/\/www.brazilianpress.com\/v1\/wp-json\/wp\/v2\/posts\/26939\/revisions\/26940"}],"wp:featuredmedia":[{"embeddable":true,"href":"https:\/\/www.brazilianpress.com\/v1\/wp-json\/wp\/v2\/media\/26929"}],"wp:attachment":[{"href":"https:\/\/www.brazilianpress.com\/v1\/wp-json\/wp\/v2\/media?parent=26939"}],"wp:term":[{"taxonomy":"category","embeddable":true,"href":"https:\/\/www.brazilianpress.com\/v1\/wp-json\/wp\/v2\/categories?post=26939"},{"taxonomy":"post_tag","embeddable":true,"href":"https:\/\/www.brazilianpress.com\/v1\/wp-json\/wp\/v2\/tags?post=26939"}],"curies":[{"name":"wp","href":"https:\/\/api.w.org\/{rel}","templated":true}]}}