{"id":26969,"date":"2017-01-26T14:26:03","date_gmt":"2017-01-26T18:26:03","guid":{"rendered":"http:\/\/www.brazilianpress.com\/v1\/?p=26969"},"modified":"2017-01-26T14:55:01","modified_gmt":"2017-01-26T18:55:01","slug":"lucas-pratto-descarta-trocar-o-atletico-mg-pelo-futebol-chines","status":"publish","type":"post","link":"https:\/\/www.brazilianpress.com\/v1\/2017\/01\/26\/lucas-pratto-descarta-trocar-o-atletico-mg-pelo-futebol-chines\/","title":{"rendered":"Lucas Pratto descarta trocar o Atl\u00e9tico-MG pelo futebol chin\u00eas"},"content":{"rendered":"<p><img loading=\"lazy\" class=\"alignnone size-full wp-image-26970\" src=\"http:\/\/www.brazilianpress.com\/v1\/wp-content\/uploads\/2017\/01\/pratto-atletico-mg1.jpg\" alt=\"pratto atletico mg\" width=\"500\" height=\"300\" srcset=\"https:\/\/www.brazilianpress.com\/v1\/wp-content\/uploads\/2017\/01\/pratto-atletico-mg1.jpg 500w, https:\/\/www.brazilianpress.com\/v1\/wp-content\/uploads\/2017\/01\/pratto-atletico-mg1-300x180.jpg 300w\" sizes=\"(max-width: 500px) 100vw, 500px\" \/><\/p>\n<p>Ir para o futebol chin\u00eas \u00e9 algo que est\u00e1 fora dos planos de Lucas Pratto. A possibilidade de disputar a Copa do Mundo de 2018, na R\u00fassia, \u00e9 o que faz o atacante argentino descartar uma mudan\u00e7a para a \u00c1sia.<!--more--><\/p>\n<p>Embora garanta que as milion\u00e1rias cifras chinesas s\u00e3o atrativas, o camisa 9 do Galo explica que n\u00e3o tenciona se mudar para a China nesta temporada, pois crer que pode custar a sua presen\u00e7a na sele\u00e7\u00e3o argentina.<\/p>\n<p>&#8220;Na China n\u00e3o vou jogar. Me atrai, mas este ano para mim \u00e9 muito importante. Tenho dois anos para ter uma possibilidade de ir a um Mundial&#8221;, comentou.<\/p>\n<p>O Atl\u00e9tico quer receber cerca de 15 milh\u00f5es de euros (R$ 51,06 milh\u00f5es na cota\u00e7\u00e3o atual) para liberar o centroavante em definitivo na atual temporada. Lucas Pratto revela que houve consultas de clubes do exterior e explica que o montante pedido pelo Galo \u00e9 o que impediu uma sa\u00edda recente.<\/p>\n<p>&#8220;Os times que perguntaram pelo pre\u00e7o souberam que o Atl\u00e9tico quer um valor importante por mim. A maioria dos times da Europa que perguntaram acharam muito caro. Eu s\u00f3 penso em treinar forte. Se chegar uma proposta at\u00e9 dia 31, e for boa para o clube e para mim, a gente vai negociar&#8221;, concluiu.<\/p>\n","protected":false},"excerpt":{"rendered":"<p>Ir para o futebol chin\u00eas \u00e9 algo que est\u00e1 fora dos planos de Lucas Pratto. A possibilidade de disputar a Copa do Mundo de 2018, na R\u00fassia, \u00e9 o que faz o atacante argentino descartar uma mudan\u00e7a para a \u00c1sia.<\/p>\n","protected":false},"author":1,"featured_media":26970,"comment_status":"open","ping_status":"open","sticky":false,"template":"","format":"standard","meta":{"_links_to":"","_links_to_target":""},"categories":[9,1],"tags":[],"views":1813,"_links":{"self":[{"href":"https:\/\/www.brazilianpress.com\/v1\/wp-json\/wp\/v2\/posts\/26969"}],"collection":[{"href":"https:\/\/www.brazilianpress.com\/v1\/wp-json\/wp\/v2\/posts"}],"about":[{"href":"https:\/\/www.brazilianpress.com\/v1\/wp-json\/wp\/v2\/types\/post"}],"author":[{"embeddable":true,"href":"https:\/\/www.brazilianpress.com\/v1\/wp-json\/wp\/v2\/users\/1"}],"replies":[{"embeddable":true,"href":"https:\/\/www.brazilianpress.com\/v1\/wp-json\/wp\/v2\/comments?post=26969"}],"version-history":[{"count":1,"href":"https:\/\/www.brazilianpress.com\/v1\/wp-json\/wp\/v2\/posts\/26969\/revisions"}],"predecessor-version":[{"id":26971,"href":"https:\/\/www.brazilianpress.com\/v1\/wp-json\/wp\/v2\/posts\/26969\/revisions\/26971"}],"wp:featuredmedia":[{"embeddable":true,"href":"https:\/\/www.brazilianpress.com\/v1\/wp-json\/wp\/v2\/media\/26970"}],"wp:attachment":[{"href":"https:\/\/www.brazilianpress.com\/v1\/wp-json\/wp\/v2\/media?parent=26969"}],"wp:term":[{"taxonomy":"category","embeddable":true,"href":"https:\/\/www.brazilianpress.com\/v1\/wp-json\/wp\/v2\/categories?post=26969"},{"taxonomy":"post_tag","embeddable":true,"href":"https:\/\/www.brazilianpress.com\/v1\/wp-json\/wp\/v2\/tags?post=26969"}],"curies":[{"name":"wp","href":"https:\/\/api.w.org\/{rel}","templated":true}]}}