{"id":26972,"date":"2017-01-26T14:28:53","date_gmt":"2017-01-26T18:28:53","guid":{"rendered":"http:\/\/www.brazilianpress.com\/v1\/?p=26972"},"modified":"2017-01-26T14:28:53","modified_gmt":"2017-01-26T18:28:53","slug":"estupro-coletivo-na-suecia-e-transmitido-ao-vivo-pelo-facebook","status":"publish","type":"post","link":"https:\/\/www.brazilianpress.com\/v1\/2017\/01\/26\/estupro-coletivo-na-suecia-e-transmitido-ao-vivo-pelo-facebook\/","title":{"rendered":"Estupro coletivo na Su\u00e9cia \u00e9 transmitido ao vivo pelo Facebook"},"content":{"rendered":"<p><img loading=\"lazy\" class=\"alignnone size-full wp-image-26973\" src=\"http:\/\/www.brazilianpress.com\/v1\/wp-content\/uploads\/2017\/01\/estupro.jpg\" alt=\"estupro\" width=\"500\" height=\"259\" srcset=\"https:\/\/www.brazilianpress.com\/v1\/wp-content\/uploads\/2017\/01\/estupro.jpg 500w, https:\/\/www.brazilianpress.com\/v1\/wp-content\/uploads\/2017\/01\/estupro-300x155.jpg 300w\" sizes=\"(max-width: 500px) 100vw, 500px\" \/><\/p>\n<p>Tr\u00eas\u00a0homens estupraram uma jovem\u00a0na Su\u00e9cia\u00a0e fizeram a transmiss\u00e3o do crime por meio de um v\u00eddeo ao vivo\u00a0no Facebook . Eles foram presos na segunda-feira, informou a pol\u00edcia local. O ato aconteceu no domingo, na cidade Uppsala, 70\u00a0quil\u00f4metros ao norte da capital do pa\u00eds, Estocolmo.<!--more--><\/p>\n<p>Os tr\u00eas suspeitos, de 24 a 19 anos,\u00a0foram presos pela manh\u00e3 em um apartamento, quando ainda estavam com a v\u00edtima, de 18 anos, gra\u00e7as a den\u00fancias de usu\u00e1rios do Facebook. Quando a pol\u00edcia chegou ao local, o v\u00eddeo ao vivo ainda estava em transmiss\u00e3o em um grupo fechado com cerca de 10.000 membros.<\/p>\n<p>Josefine Lundgren foi uma das primeiras usu\u00e1rias a alertar as autoridades. Segundo ela, o suspeito de 24 anos, considerado pela pol\u00edcia como principal autor do crime, \u201carrancou as roupas\u201d de sua v\u00edtima antes de estupr\u00e1-la e estava com uma arma. Segundo Lundgren, pelo menos sessenta pessoas estavam assistindo \u00e0 transmiss\u00e3o e havia coment\u00e1rios de apoio, incluindo um escrito \u201ctr\u00eas contra uma\u201d, seguido de risadas.<\/p>\n<p>O v\u00eddeo n\u00e3o est\u00e1 mais dispon\u00edvel na rede social, por\u00e9m, n\u00e3o ficou claro se foi apagado pelas autoridades ou pelo pr\u00f3prio Facebook. \u201cTemos algumas imagens e v\u00eddeos, mas n\u00e3o temos fragmentos que mostrem a agress\u00e3o em si\u201d, disse o vice-procurador em Uppsala, Magnus Berggren.<\/p>\n<p>&nbsp;<\/p>\n","protected":false},"excerpt":{"rendered":"<p>Tr\u00eas\u00a0homens estupraram uma jovem\u00a0na Su\u00e9cia\u00a0e fizeram a transmiss\u00e3o do crime por meio de um v\u00eddeo ao vivo\u00a0no Facebook . Eles foram presos na segunda-feira, informou a pol\u00edcia local. O ato aconteceu no domingo, na cidade Uppsala, 70\u00a0quil\u00f4metros ao norte da capital do pa\u00eds, Estocolmo.<\/p>\n","protected":false},"author":1,"featured_media":26973,"comment_status":"open","ping_status":"open","sticky":false,"template":"","format":"standard","meta":{"_links_to":"","_links_to_target":""},"categories":[8,1],"tags":[],"views":1975,"_links":{"self":[{"href":"https:\/\/www.brazilianpress.com\/v1\/wp-json\/wp\/v2\/posts\/26972"}],"collection":[{"href":"https:\/\/www.brazilianpress.com\/v1\/wp-json\/wp\/v2\/posts"}],"about":[{"href":"https:\/\/www.brazilianpress.com\/v1\/wp-json\/wp\/v2\/types\/post"}],"author":[{"embeddable":true,"href":"https:\/\/www.brazilianpress.com\/v1\/wp-json\/wp\/v2\/users\/1"}],"replies":[{"embeddable":true,"href":"https:\/\/www.brazilianpress.com\/v1\/wp-json\/wp\/v2\/comments?post=26972"}],"version-history":[{"count":1,"href":"https:\/\/www.brazilianpress.com\/v1\/wp-json\/wp\/v2\/posts\/26972\/revisions"}],"predecessor-version":[{"id":26974,"href":"https:\/\/www.brazilianpress.com\/v1\/wp-json\/wp\/v2\/posts\/26972\/revisions\/26974"}],"wp:featuredmedia":[{"embeddable":true,"href":"https:\/\/www.brazilianpress.com\/v1\/wp-json\/wp\/v2\/media\/26973"}],"wp:attachment":[{"href":"https:\/\/www.brazilianpress.com\/v1\/wp-json\/wp\/v2\/media?parent=26972"}],"wp:term":[{"taxonomy":"category","embeddable":true,"href":"https:\/\/www.brazilianpress.com\/v1\/wp-json\/wp\/v2\/categories?post=26972"},{"taxonomy":"post_tag","embeddable":true,"href":"https:\/\/www.brazilianpress.com\/v1\/wp-json\/wp\/v2\/tags?post=26972"}],"curies":[{"name":"wp","href":"https:\/\/api.w.org\/{rel}","templated":true}]}}