{"id":26981,"date":"2017-01-26T14:41:45","date_gmt":"2017-01-26T18:41:45","guid":{"rendered":"http:\/\/www.brazilianpress.com\/v1\/?p=26981"},"modified":"2017-01-26T14:41:45","modified_gmt":"2017-01-26T18:41:45","slug":"receita-apreende-645-kg-de-cocaina-em-porto-de-santa-catarina","status":"publish","type":"post","link":"https:\/\/www.brazilianpress.com\/v1\/2017\/01\/26\/receita-apreende-645-kg-de-cocaina-em-porto-de-santa-catarina\/","title":{"rendered":"Receita apreende 645 kg de coca\u00edna em porto de Santa Catarina"},"content":{"rendered":"<p><img loading=\"lazy\" class=\"alignright size-full wp-image-26982\" src=\"http:\/\/www.brazilianpress.com\/v1\/wp-content\/uploads\/2017\/01\/receita-apreende.jpg\" alt=\"receita apreende\" width=\"300\" height=\"225\" \/>Agentes da Receita Federal da Alf\u00e2ndega de S\u00e3o Francisco do Sul (SC) apreenderam cerca de 645 quilos de uma subst\u00e2ncia semelhante a coca\u00edna. A droga estava escondida em meio a carga de um\u00a0cont\u00eainer\u00a0que seria embarcado em um navio que partiria ontem, dia 25, do Porto de Itapo\u00e1, no norte catarinense, com destino \u00e0 B\u00e9lgica.<!--more--><\/p>\n<p>O produto estava embalado em tabletes espalhados por 24 bolsas. As equipes de vigil\u00e2ncia da Receita o encontraram durante uma a\u00e7\u00e3o de rotina, quando conferiram se os conte\u00fados dos 36\u00a0cont\u00eaineres\u00a0batiam com as declara\u00e7\u00f5es de exporta\u00e7\u00e3o. Ao abrir um recipiente que transportava madeira compensada para a Europa, os agentes se depararam com as bolsas contendo o p\u00f3 branco parecido com a coca\u00edna. A suspeita \u00e9 que a subst\u00e2ncia tenha sido colocada no\u00a0cont\u00eainer\u00a0sem o conhecimento do dono da carga de madeira, mas s\u00f3 a investiga\u00e7\u00e3o que est\u00e1 a cargo da Pol\u00edcia Federal apontar\u00e1 os envolvidos. Toda a carga suspeita j\u00e1 se encontra em posse da PF.<\/p>\n<p>A \u00faltima apreens\u00e3o de drogas no Porto de Itapo\u00e1 ocorreu em setembro de 2016, quando a Receita Federal e a Pol\u00edcia Federal encontraram 40 quilos de coca\u00edna escondidos em um\u00a0cont\u00eainer. Em outras localidades, grandes quantidades de drogas t\u00eam sido apreendidas pela Receita e pela PF. No \u00faltimo dia 18, no Porto de Santos (SP), 590 quilos de coca\u00edna foram encontrados em um recipiente com sacas de amendoim que tamb\u00e9m tinha como destino o Porto de Antu\u00e9rpia, na B\u00e9lgica.<\/p>\n","protected":false},"excerpt":{"rendered":"<p>Agentes da Receita Federal da Alf\u00e2ndega de S\u00e3o Francisco do Sul (SC) apreenderam cerca de 645 quilos de uma subst\u00e2ncia semelhante a coca\u00edna. A droga estava escondida em meio a carga de um\u00a0cont\u00eainer\u00a0que seria embarcado em um navio que partiria ontem, dia 25, do Porto de Itapo\u00e1, no norte catarinense, com destino \u00e0 B\u00e9lgica.<\/p>\n","protected":false},"author":1,"featured_media":26982,"comment_status":"open","ping_status":"open","sticky":false,"template":"","format":"standard","meta":{"_links_to":"","_links_to_target":""},"categories":[7,1],"tags":[],"views":1774,"_links":{"self":[{"href":"https:\/\/www.brazilianpress.com\/v1\/wp-json\/wp\/v2\/posts\/26981"}],"collection":[{"href":"https:\/\/www.brazilianpress.com\/v1\/wp-json\/wp\/v2\/posts"}],"about":[{"href":"https:\/\/www.brazilianpress.com\/v1\/wp-json\/wp\/v2\/types\/post"}],"author":[{"embeddable":true,"href":"https:\/\/www.brazilianpress.com\/v1\/wp-json\/wp\/v2\/users\/1"}],"replies":[{"embeddable":true,"href":"https:\/\/www.brazilianpress.com\/v1\/wp-json\/wp\/v2\/comments?post=26981"}],"version-history":[{"count":1,"href":"https:\/\/www.brazilianpress.com\/v1\/wp-json\/wp\/v2\/posts\/26981\/revisions"}],"predecessor-version":[{"id":26983,"href":"https:\/\/www.brazilianpress.com\/v1\/wp-json\/wp\/v2\/posts\/26981\/revisions\/26983"}],"wp:featuredmedia":[{"embeddable":true,"href":"https:\/\/www.brazilianpress.com\/v1\/wp-json\/wp\/v2\/media\/26982"}],"wp:attachment":[{"href":"https:\/\/www.brazilianpress.com\/v1\/wp-json\/wp\/v2\/media?parent=26981"}],"wp:term":[{"taxonomy":"category","embeddable":true,"href":"https:\/\/www.brazilianpress.com\/v1\/wp-json\/wp\/v2\/categories?post=26981"},{"taxonomy":"post_tag","embeddable":true,"href":"https:\/\/www.brazilianpress.com\/v1\/wp-json\/wp\/v2\/tags?post=26981"}],"curies":[{"name":"wp","href":"https:\/\/api.w.org\/{rel}","templated":true}]}}