{"id":26987,"date":"2017-01-26T14:48:26","date_gmt":"2017-01-26T18:48:26","guid":{"rendered":"http:\/\/www.brazilianpress.com\/v1\/?p=26987"},"modified":"2017-01-26T14:48:26","modified_gmt":"2017-01-26T18:48:26","slug":"dilma-se-lula-se-candidatar-vencera-eleicoes-em-2018","status":"publish","type":"post","link":"https:\/\/www.brazilianpress.com\/v1\/2017\/01\/26\/dilma-se-lula-se-candidatar-vencera-eleicoes-em-2018\/","title":{"rendered":"Dilma: se Lula se candidatar, vencer\u00e1 elei\u00e7\u00f5es em 2018"},"content":{"rendered":"<p><img loading=\"lazy\" class=\"alignnone size-full wp-image-26988\" src=\"http:\/\/www.brazilianpress.com\/v1\/wp-content\/uploads\/2017\/01\/dilma.jpg\" alt=\"dilma\" width=\"500\" height=\"352\" srcset=\"https:\/\/www.brazilianpress.com\/v1\/wp-content\/uploads\/2017\/01\/dilma.jpg 500w, https:\/\/www.brazilianpress.com\/v1\/wp-content\/uploads\/2017\/01\/dilma-300x211.jpg 300w\" sizes=\"(max-width: 500px) 100vw, 500px\" \/><\/p>\n<p>A ex-presidente Dilma Rousseff garantiu na ter\u00e7a-feira que se Luiz In\u00e1cio Lula da Silva se candidatar \u00e0s elei\u00e7\u00f5es presidenciais de 2018, ele vencer\u00e1.<!--more--><\/p>\n<p>&#8220;Eu acho que ser\u00e1 importante para o Brasil que Lula seja candidato&#8221;, disse Dilma em uma coletiva de imprensa em Sevilha (sul da Espanha), onde participou na quarta-feira de um semin\u00e1rio sobre o capitalismo neoliberal. &#8220;Acho que ele ganharia a elei\u00e7\u00e3o por tudo o que fez&#8221;, argumentou a ex-presidente.<\/p>\n<p>Lula tem liderado as pesquisas de primeiro turno das elei\u00e7\u00f5es de 2018. Ele diz ser inocente das v\u00e1rias acusa\u00e7\u00f5es de corrup\u00e7\u00e3o no contexto da opera\u00e7\u00e3o Lava Jato. &#8220;O primeiro golpe de Estado foi meu impeachment&#8221;, disse Dilma. &#8220;O segundo golpe \u00e9 impedir que Lula seja candidato em 2018&#8221;, acrescentou.<\/p>\n<p>&#8220;Perdemos uma batalha, mas n\u00e3o significa que perdemos a guerra. (&#8230;) O que n\u00e3o podemos perder \u00e9 a democracia&#8221;, ressaltou. Dilma pediu ainda que o acidente a\u00e9reo envolvendo o ministro do Supremo Tribunal Federal Teori Zavascki seja &#8220;rigorosamente investigado&#8221;, considerando as suspeitas de que se trate de um atentado.<\/p>\n","protected":false},"excerpt":{"rendered":"<p>A ex-presidente Dilma Rousseff garantiu na ter\u00e7a-feira que se Luiz In\u00e1cio Lula da Silva se candidatar \u00e0s elei\u00e7\u00f5es presidenciais de 2018, ele vencer\u00e1.<\/p>\n","protected":false},"author":1,"featured_media":26988,"comment_status":"open","ping_status":"open","sticky":false,"template":"","format":"standard","meta":{"_links_to":"","_links_to_target":""},"categories":[7,1],"tags":[],"views":1824,"_links":{"self":[{"href":"https:\/\/www.brazilianpress.com\/v1\/wp-json\/wp\/v2\/posts\/26987"}],"collection":[{"href":"https:\/\/www.brazilianpress.com\/v1\/wp-json\/wp\/v2\/posts"}],"about":[{"href":"https:\/\/www.brazilianpress.com\/v1\/wp-json\/wp\/v2\/types\/post"}],"author":[{"embeddable":true,"href":"https:\/\/www.brazilianpress.com\/v1\/wp-json\/wp\/v2\/users\/1"}],"replies":[{"embeddable":true,"href":"https:\/\/www.brazilianpress.com\/v1\/wp-json\/wp\/v2\/comments?post=26987"}],"version-history":[{"count":1,"href":"https:\/\/www.brazilianpress.com\/v1\/wp-json\/wp\/v2\/posts\/26987\/revisions"}],"predecessor-version":[{"id":26989,"href":"https:\/\/www.brazilianpress.com\/v1\/wp-json\/wp\/v2\/posts\/26987\/revisions\/26989"}],"wp:featuredmedia":[{"embeddable":true,"href":"https:\/\/www.brazilianpress.com\/v1\/wp-json\/wp\/v2\/media\/26988"}],"wp:attachment":[{"href":"https:\/\/www.brazilianpress.com\/v1\/wp-json\/wp\/v2\/media?parent=26987"}],"wp:term":[{"taxonomy":"category","embeddable":true,"href":"https:\/\/www.brazilianpress.com\/v1\/wp-json\/wp\/v2\/categories?post=26987"},{"taxonomy":"post_tag","embeddable":true,"href":"https:\/\/www.brazilianpress.com\/v1\/wp-json\/wp\/v2\/tags?post=26987"}],"curies":[{"name":"wp","href":"https:\/\/api.w.org\/{rel}","templated":true}]}}