{"id":27014,"date":"2017-01-26T17:08:35","date_gmt":"2017-01-26T21:08:35","guid":{"rendered":"http:\/\/www.brazilianpress.com\/v1\/?p=27014"},"modified":"2017-01-26T17:08:35","modified_gmt":"2017-01-26T21:08:35","slug":"apple-esta-arrasando-com-seu-fone-de-ouvido-os-airpods","status":"publish","type":"post","link":"https:\/\/www.brazilianpress.com\/v1\/2017\/01\/26\/apple-esta-arrasando-com-seu-fone-de-ouvido-os-airpods\/","title":{"rendered":"Apple est\u00e1 arrasando com seu fone de ouvido: os AirPods"},"content":{"rendered":"<p><img loading=\"lazy\" class=\"alignnone size-full wp-image-27015\" src=\"http:\/\/www.brazilianpress.com\/v1\/wp-content\/uploads\/2017\/01\/air-pod.jpg\" alt=\"air pod\" width=\"500\" height=\"315\" srcset=\"https:\/\/www.brazilianpress.com\/v1\/wp-content\/uploads\/2017\/01\/air-pod.jpg 500w, https:\/\/www.brazilianpress.com\/v1\/wp-content\/uploads\/2017\/01\/air-pod-300x189.jpg 300w\" sizes=\"(max-width: 500px) 100vw, 500px\" \/><\/p>\n<p>A\u00a0Apple\u00a0voltou a encontrar um fil\u00e3o em um segmento que muitos poderiam considerar esgotado, ou pelo menos com uma margem de inova\u00e7\u00e3o bem pequena. Por que os\u00a0AirPods\u00a0est\u00e3o deixando o mercado louco?<!--more--> N\u00e3o h\u00e1 n\u00fameros oficiais de vendas \u2014 geralmente, a gigante n\u00e3o costuma cit\u00e1-los nos lan\u00e7amentos, mas devido ao sucesso e \u00e0 forte demanda, tudo indica que esses fones de cerca de 610 reais est\u00e3o arrasando nas lojas da empresa. As unidades dispon\u00edveis se esgotam em quest\u00e3o de minutos e j\u00e1 s\u00e3o \u201cum sucesso devastador\u201d, fazendo a empresa prometer um esfor\u00e7o extra na produ\u00e7\u00e3o para atender a demanda crescente.<\/p>\n<p>\u00c9 poss\u00edvel que a Apple n\u00e3o tenha fabricado os melhores fones de ouvido do mercado, mas encontrou a f\u00f3rmula para fazer com que o acess\u00f3rio se tornasse imediatamente atraente e imprescind\u00edvel. Em que medida \u00e9 mais um passe de m\u00e1gica da Apple e o que \u00e9 realidade? Como se sabe, a empresa da ma\u00e7\u00e3 tem essa habilidade peculiar de tornar m\u00e1gicos os produtos que apresenta em seus\u00a0<em>keynotes<\/em>, mas a verdade \u00e9 que com os AirPods o romance com o usu\u00e1rio come\u00e7a a partir do momento em que ele abre o pacote. Esses diminutos fones sem fio se conectam automaticamente ao\u00a0iPhone\u00a0assim que a c\u00e1psula que os protege \u00e9 aberta: n\u00e3o \u00e9 necess\u00e1rio configurar nada.<\/p>\n<p>As automatiza\u00e7\u00f5es do produto fazem com que o \u00e1udio pare instantaneamente se o usu\u00e1rio tirar um dos fones e volte a ser ativado assim que \u00e9 recolocado. O fabricante de Cupertino dotou esse diminuto produto de todo um avan\u00e7o tecnol\u00f3gico a servi\u00e7o do usu\u00e1rio de modo que ouvir m\u00fasica, r\u00e1dio ou\u00a0<em>podcasts<\/em>\u00a0se tornou mais f\u00e1cil do que nunca. \u00c9 evidente que a Apple dedicou muitas horas de desenvolvimento a esse produto, que vai al\u00e9m da categoria de acess\u00f3rio, e isso pode ser visto em detalhes como a pr\u00f3pria caixinha, que faz \u00e0s vezes de bateria port\u00e1til e carrega os fones enquanto s\u00e3o transportados.<\/p>\n<p>Al\u00e9m disso, os AirPods continuam acumulando, desde que foram lan\u00e7ados, cr\u00edticas positivas em\u00a0<em>blogs<\/em>\u00a0especializados e alguns ve\u00edculos come\u00e7am a sugerir que poder\u00edamos estar diante de um produto de volume de neg\u00f3cios\u00a0muito maior\u00a0do que o que se poderia pensar inicialmente para o pessoal de Cupertino. Tudo parece apontar no sentido de que a Apple acertou mais uma vez em sua corrida solit\u00e1ria por um produto que j\u00e1 existia no mercado.<\/p>\n<p>Mas o que chama a aten\u00e7\u00e3o nesse assunto \u00e9 que, na verdade, estamos diante de uma primeira vers\u00e3o do produto e com todo o horizonte de melhorias diante de si em futuras vers\u00f5es. Ser\u00e1 preciso esperar at\u00e9 o\u00a0<em>keynote<\/em>\u00a0seguinte do fabricante para conhecer mais detalhes sobre as vendas e a recep\u00e7\u00e3o do mercado.<\/p>\n<p><img loading=\"lazy\" class=\"alignnone size-full wp-image-27016\" src=\"http:\/\/www.brazilianpress.com\/v1\/wp-content\/uploads\/2017\/01\/furinho-no-iphone.jpg\" alt=\"furinho no iphone\" width=\"500\" height=\"281\" srcset=\"https:\/\/www.brazilianpress.com\/v1\/wp-content\/uploads\/2017\/01\/furinho-no-iphone.jpg 500w, https:\/\/www.brazilianpress.com\/v1\/wp-content\/uploads\/2017\/01\/furinho-no-iphone-300x169.jpg 300w\" sizes=\"(max-width: 500px) 100vw, 500px\" \/><\/p>\n<p><strong>Para que serve aquele min\u00fasculo furo localizado ao lado da c\u00e2mera traseira do iPhone?<\/strong><\/p>\n<p>Ao adquirimos um smartphone, devemos ter em mente que cada peda\u00e7o dele foi meticulosamente planejado. Nada, nem mesmo o pequeno furo localizado ao lado da c\u00e2mera, foi colocado ali ao acaso, conforme reportado pela\u00a0LifeBuzz.<\/p>\n<p>Quando o iPhone 5 foi apresentado ao mercado, um pequeno e importante elemento passou a vir nele e, posteriormente, nas vers\u00f5es mais recentes. \u00c0 primeira vista irrelevante, esse pequeno furo localizado na parte traseira e superior do aparelho, entre a lente da c\u00e2mera e luz flash, possui um papel importante para o desempenho do celular.<\/p>\n<p>A maiorias dos usu\u00e1rios assume que o furo \u00e9 um bot\u00e3o de reset. No entanto, se voc\u00ea o pressionar, nada ir\u00e1 acontecer. Ele \u00e9 respons\u00e1vel por garantir a qualidade do som, por se tratar de um pequeno microfone. E ele n\u00e3o existe por acaso e possui uma fun\u00e7\u00e3o muito espec\u00edfica.<\/p>\n<p>Esse microfone adicional permite um \u00e1udio multidirecional \u2013 vindo de diferentes dire\u00e7\u00f5es. Trata-se de um dos tr\u00eas presentes no iPhone, que permitem maior cobertura, com sons mais claros e n\u00edtidos, independentemente da posi\u00e7\u00e3o do usu\u00e1rio. Logo, atrav\u00e9s de um processador interno, os dados s\u00e3o analisados, e os ru\u00eddos desnecess\u00e1rios s\u00e3o eliminados. Al\u00e9m disso, o microfone traseiro ainda ajuda a Siri, assistente pessoal inteligente, a entender melhor as palavras, al\u00e9m de melhorar o \u00e1udio do\u00a0FaceTime\u00a0e chamadas em confer\u00eancia.<\/p>\n","protected":false},"excerpt":{"rendered":"<p>A\u00a0Apple\u00a0voltou a encontrar um fil\u00e3o em um segmento que muitos poderiam considerar esgotado, ou pelo menos com uma margem de inova\u00e7\u00e3o bem pequena. Por que os\u00a0AirPods\u00a0est\u00e3o deixando o mercado louco?<\/p>\n","protected":false},"author":1,"featured_media":27015,"comment_status":"open","ping_status":"open","sticky":false,"template":"","format":"standard","meta":{"_links_to":"","_links_to_target":""},"categories":[4,1],"tags":[],"views":2196,"_links":{"self":[{"href":"https:\/\/www.brazilianpress.com\/v1\/wp-json\/wp\/v2\/posts\/27014"}],"collection":[{"href":"https:\/\/www.brazilianpress.com\/v1\/wp-json\/wp\/v2\/posts"}],"about":[{"href":"https:\/\/www.brazilianpress.com\/v1\/wp-json\/wp\/v2\/types\/post"}],"author":[{"embeddable":true,"href":"https:\/\/www.brazilianpress.com\/v1\/wp-json\/wp\/v2\/users\/1"}],"replies":[{"embeddable":true,"href":"https:\/\/www.brazilianpress.com\/v1\/wp-json\/wp\/v2\/comments?post=27014"}],"version-history":[{"count":1,"href":"https:\/\/www.brazilianpress.com\/v1\/wp-json\/wp\/v2\/posts\/27014\/revisions"}],"predecessor-version":[{"id":27017,"href":"https:\/\/www.brazilianpress.com\/v1\/wp-json\/wp\/v2\/posts\/27014\/revisions\/27017"}],"wp:featuredmedia":[{"embeddable":true,"href":"https:\/\/www.brazilianpress.com\/v1\/wp-json\/wp\/v2\/media\/27015"}],"wp:attachment":[{"href":"https:\/\/www.brazilianpress.com\/v1\/wp-json\/wp\/v2\/media?parent=27014"}],"wp:term":[{"taxonomy":"category","embeddable":true,"href":"https:\/\/www.brazilianpress.com\/v1\/wp-json\/wp\/v2\/categories?post=27014"},{"taxonomy":"post_tag","embeddable":true,"href":"https:\/\/www.brazilianpress.com\/v1\/wp-json\/wp\/v2\/tags?post=27014"}],"curies":[{"name":"wp","href":"https:\/\/api.w.org\/{rel}","templated":true}]}}